{"id":33135,"date":"2013-06-13T15:10:59","date_gmt":"2013-06-13T18:10:59","guid":{"rendered":"http:\/\/www.locoxelrojo.com.ar\/independiente\/?p=33135"},"modified":"2015-10-07T21:32:46","modified_gmt":"2015-10-08T00:32:46","slug":"sosa-si-a-uno-le-ofrecen-volver-ni-lo-va-a-dudar","status":"publish","type":"post","link":"https:\/\/www.locoxelrojo.com\/independiente\/2013\/06\/13\/sosa-si-a-uno-le-ofrecen-volver-ni-lo-va-a-dudar\/","title":{"rendered":"Ismael Sosa: &#8220;Si a uno le ofrecen volver, ni lo va a dudar&#8221;"},"content":{"rendered":"<p>Ismael Sosa <strong>expres\u00f3 que si le ofrecen volver a Independiente, no lo dudar\u00eda. Por otro lado, se lament\u00f3 por la situaci\u00f3n que vive el &#8220;Rojo&#8221; y dese\u00f3 que se pueda salvar.<\/strong><\/p>\n<p><strong>&#8220;Estuve a pr\u00e9stamo en la Cat\u00f3lica y deber\u00eda volver a Turqu\u00eda. Pero la verdad que ahora estoy abierto para escuchar ofertas en este mercado&#8221;<\/strong>, manifest\u00f3 el &#8220;Chuco&#8221; en di\u00e1logo con Ol\u00e9. <strong>&#8220;Tengo los mejores recuerdos del &#8216;Rojo&#8217;. Si a uno le ofrecen volver al club del cual surgi\u00f3, ni lo va a dudar. Independiente es grande y quiero que se salve. Ojal\u00e1 que pueda volver para jugar en Primera&#8221;<\/strong>, agreg\u00f3.<\/p>\n<p>Luego, se refiri\u00f3 con detalles al malestar que le genera ver al club as\u00ed: <strong>&#8220;Independiente no merece lo que le est\u00e1 pasando porque es un club muy grande. Es el club que me form\u00f3 como jugador y como profesional.\u00a0Me dar\u00eda una tristeza enorme que descendiera. Me pone mal que est\u00e9 pasando por este momento complicado&#8221;.<\/strong><\/p>\n<p>Finalmente record\u00f3 a algunos de sus compa\u00f1eros con los que jug\u00f3 en el equipo.<strong> &#8220;Compart\u00ed plantel con Fredes, Gabbarini y a Vel\u00e1zquez tambi\u00e9n lo conozco. Es un momento muy duro el que est\u00e1n pasando y espero que puedan sacarlo adelante. Tengo mucho afecto por la gente del club y sus hinchas&#8221;<\/strong>, cerr\u00f3.<\/p>\n<p>&nbsp;<\/p>\n","protected":false},"excerpt":{"rendered":"<p>Ismael Sosa expres\u00f3 que si le ofrecen volver a Independiente, no lo dudar\u00eda. Por otro lado, se lament\u00f3 por la situaci\u00f3n que vive el &#8220;Rojo&#8221; y dese\u00f3 que se pueda salvar. &#8220;Estuve a pr\u00e9stamo en la Cat\u00f3lica y deber\u00eda volver a Turqu\u00eda. Pero la verdad que ahora estoy abierto para escuchar ofertas en este mercado&#8221;, [&hellip;]<\/p>\n","protected":false},"author":11,"featured_media":33137,"comment_status":"closed","ping_status":"closed","sticky":false,"template":"","format":"standard","meta":{"_links_to":"","_links_to_target":""},"categories":[3,1],"tags":[153,171,737],"_links":{"self":[{"href":"https:\/\/www.locoxelrojo.com\/independiente\/wp-json\/wp\/v2\/posts\/33135"}],"collection":[{"href":"https:\/\/www.locoxelrojo.com\/independiente\/wp-json\/wp\/v2\/posts"}],"about":[{"href":"https:\/\/www.locoxelrojo.com\/independiente\/wp-json\/wp\/v2\/types\/post"}],"author":[{"embeddable":true,"href":"https:\/\/www.locoxelrojo.com\/independiente\/wp-json\/wp\/v2\/users\/11"}],"replies":[{"embeddable":true,"href":"https:\/\/www.locoxelrojo.com\/independiente\/wp-json\/wp\/v2\/comments?post=33135"}],"version-history":[{"count":0,"href":"https:\/\/www.locoxelrojo.com\/independiente\/wp-json\/wp\/v2\/posts\/33135\/revisions"}],"wp:featuredmedia":[{"embeddable":true,"href":"https:\/\/www.locoxelrojo.com\/independiente\/wp-json\/wp\/v2\/media\/33137"}],"wp:attachment":[{"href":"https:\/\/www.locoxelrojo.com\/independiente\/wp-json\/wp\/v2\/media?parent=33135"}],"wp:term":[{"taxonomy":"category","embeddable":true,"href":"https:\/\/www.locoxelrojo.com\/independiente\/wp-json\/wp\/v2\/categories?post=33135"},{"taxonomy":"post_tag","embeddable":true,"href":"https:\/\/www.locoxelrojo.com\/independiente\/wp-json\/wp\/v2\/tags?post=33135"}],"curies":[{"name":"wp","href":"https:\/\/api.w.org\/{rel}","templated":true}]}}