{"id":33155,"date":"2013-06-13T18:31:36","date_gmt":"2013-06-13T21:31:36","guid":{"rendered":"http:\/\/www.locoxelrojo.com.ar\/independiente\/?p=33155"},"modified":"2015-10-07T21:33:17","modified_gmt":"2015-10-08T00:33:17","slug":"si-independiente-me-llama-en-la-b-por-que-no","status":"publish","type":"post","link":"https:\/\/www.locoxelrojo.com\/independiente\/2013\/06\/13\/si-independiente-me-llama-en-la-b-por-que-no\/","title":{"rendered":"Parra: &#8220;Si Independiente me llama en la B, \u00bfpor qu\u00e9 no?&#8221;"},"content":{"rendered":"<p>Facundo Parra manifest\u00f3 <strong>que si Independiente desea contar con sus servicios en caso de descender, no tendr\u00eda problemas. &#8220;\u00bfPor qu\u00e9 no?&#8221;<\/strong>, solt\u00f3. Por otro lado, <strong>cont\u00f3 que se siente responsable del momento del club y asever\u00f3 que es muy dif\u00edcil jugar con el promedio que acecha.<\/strong><\/p>\n<p><strong>&#8220;Si Independiente\u00a0me llama en la B&#8230;\u00bfPor qu\u00e9 no? En cualquier categor\u00eda sigue siendo el mismo club&#8221;<\/strong>, sentenci\u00f3 el delantero en Sportcenter por ESPN. <strong>&#8220;Estoy bien en el Atalanta y contento, pero a nivel futbol\u00edstico no me toc\u00f3 jugar lo que a m\u00ed me gustar\u00eda. Me cuesta mucho estar afuera. Me gustar\u00eda irme a otro lado donde juegue m\u00e1s&#8221;<\/strong>, agreg\u00f3 respecto de su futuro.<\/p>\n<p>Por otro lado, se refiri\u00f3 a la situaci\u00f3n que vive el club y se mostr\u00f3 triste: <strong>&#8220;Tengo muchos amigos en el club, jugadores, cuerpo m\u00e9dico, todos. Se vive intensamente, estoy triste por la situaci\u00f3n. Uno se siente un poco responsable por el momento en que estuvo en el club. Es muy dif\u00edcil jugar con esa situaci\u00f3n en la espalda. Te acecha el promedio y es dif\u00edcil. A m\u00ed me pas\u00f3 y te da mucha presi\u00f3n&#8221;.<\/strong><\/p>\n<p><strong>&#8220;Es un club tan grande y las expectativas son otras. No me imaginaba que iba a llegar a esto, pero el f\u00fatbol es as\u00ed y quiz\u00e1 a Independiente le toca descender. No le va a costar volver&#8221;<\/strong>, prosigui\u00f3 en relaci\u00f3n al posible descenso del &#8220;Rojo&#8221;.<\/p>\n<p>Por \u00faltimo, dio su opini\u00f3n respecto de los responsables de lo que vive hoy en d\u00eda Independiente. <strong>&#8220;Comparada tiene una responsabilidad en el momento que estuvo. Cantero intent\u00f3 hacer lo mejor posible. Hay responsabilidad de todos, jugadores que estuvieron, que est\u00e1n. La hinchada que hace desmanes tambi\u00e9n tiene culpas. El que no tiene culpa es el que est\u00e1 llorando por el momento&#8221;<\/strong>, cerr\u00f3.<\/p>\n","protected":false},"excerpt":{"rendered":"<p>Facundo Parra manifest\u00f3 que si Independiente desea contar con sus servicios en caso de descender, no tendr\u00eda problemas. &#8220;\u00bfPor qu\u00e9 no?&#8221;, solt\u00f3. Por otro lado, cont\u00f3 que se siente responsable del momento del club y asever\u00f3 que es muy dif\u00edcil jugar con el promedio que acecha. &#8220;Si Independiente\u00a0me llama en la B&#8230;\u00bfPor qu\u00e9 no? En [&hellip;]<\/p>\n","protected":false},"author":11,"featured_media":33159,"comment_status":"closed","ping_status":"closed","sticky":false,"template":"","format":"standard","meta":{"_links_to":"","_links_to_target":""},"categories":[3,1],"tags":[36],"_links":{"self":[{"href":"https:\/\/www.locoxelrojo.com\/independiente\/wp-json\/wp\/v2\/posts\/33155"}],"collection":[{"href":"https:\/\/www.locoxelrojo.com\/independiente\/wp-json\/wp\/v2\/posts"}],"about":[{"href":"https:\/\/www.locoxelrojo.com\/independiente\/wp-json\/wp\/v2\/types\/post"}],"author":[{"embeddable":true,"href":"https:\/\/www.locoxelrojo.com\/independiente\/wp-json\/wp\/v2\/users\/11"}],"replies":[{"embeddable":true,"href":"https:\/\/www.locoxelrojo.com\/independiente\/wp-json\/wp\/v2\/comments?post=33155"}],"version-history":[{"count":0,"href":"https:\/\/www.locoxelrojo.com\/independiente\/wp-json\/wp\/v2\/posts\/33155\/revisions"}],"wp:featuredmedia":[{"embeddable":true,"href":"https:\/\/www.locoxelrojo.com\/independiente\/wp-json\/wp\/v2\/media\/33159"}],"wp:attachment":[{"href":"https:\/\/www.locoxelrojo.com\/independiente\/wp-json\/wp\/v2\/media?parent=33155"}],"wp:term":[{"taxonomy":"category","embeddable":true,"href":"https:\/\/www.locoxelrojo.com\/independiente\/wp-json\/wp\/v2\/categories?post=33155"},{"taxonomy":"post_tag","embeddable":true,"href":"https:\/\/www.locoxelrojo.com\/independiente\/wp-json\/wp\/v2\/tags?post=33155"}],"curies":[{"name":"wp","href":"https:\/\/api.w.org\/{rel}","templated":true}]}}