{"id":33629,"date":"2013-06-25T21:18:22","date_gmt":"2013-06-26T00:18:22","guid":{"rendered":"http:\/\/www.locoxelrojo.com.ar\/independiente\/?p=33629"},"modified":"2015-10-07T22:03:53","modified_gmt":"2015-10-08T01:03:53","slug":"bertoni-quiero-ser-presidente-de-independiente","status":"publish","type":"post","link":"https:\/\/www.locoxelrojo.com\/independiente\/2013\/06\/25\/bertoni-quiero-ser-presidente-de-independiente\/","title":{"rendered":"Bertoni: &#8220;Quiero ser Presidente de Independiente&#8221;"},"content":{"rendered":"<p><strong>Daniel Bertoni confirm\u00f3 esta tarde lo que se viene rumoreando hace varios meses. El ex jugador afirm\u00f3 que tiene ganas de ser Presidente de Independiente.<\/strong><\/p>\n<p>En el estadio Monumental, se llev\u00f3 a cabo el homenaje por los 35 a\u00f1os de la obtenci\u00f3n del Mundial de 1978. Bertoni, integr\u00f3 dicho plantel y al t\u00e9rmino del agasaj\u00f3 habl\u00f3 con Rock&amp;Closs y adelant\u00f3 sus aspiraciones pol\u00edticas en el club: <strong>&#8220;Quiero ser Presidente de Independiente&#8221;<\/strong>.<\/p>\n<p><strong>&#8220;En las pr\u00f3ximas elecciones voy a ser candidato a Presidente de Independiente&#8221;<\/strong>, dispar\u00f3 una de las m\u00e1ximas glorias del &#8220;Rojo&#8221;. <strong>&#8220;Ya estoy armando mi grupo de trabajo, pero no voy a adelantar nada m\u00e1s. Todo a su debido tiempo&#8221;<\/strong>, agreg\u00f3.<\/p>\n<p>En medio de un clima pol\u00edtico m\u00e1s que tenso, <strong>con Hugo Moyano al frente de la oposici\u00f3n pidiendo la cabeza del presidente y un Javier Cantero que quiere resistir; Bertoni se suma como una alternativa m\u00e1s para el futuro.<\/strong><\/p>\n","protected":false},"excerpt":{"rendered":"<p>Daniel Bertoni confirm\u00f3 esta tarde lo que se viene rumoreando hace varios meses. El ex jugador afirm\u00f3 que tiene ganas de ser Presidente de Independiente. En el estadio Monumental, se llev\u00f3 a cabo el homenaje por los 35 a\u00f1os de la obtenci\u00f3n del Mundial de 1978. Bertoni, integr\u00f3 dicho plantel y al t\u00e9rmino del agasaj\u00f3 [&hellip;]<\/p>\n","protected":false},"author":1,"featured_media":33630,"comment_status":"closed","ping_status":"closed","sticky":false,"template":"","format":"standard","meta":{"_links_to":"","_links_to_target":""},"categories":[4,1],"tags":[153,530],"_links":{"self":[{"href":"https:\/\/www.locoxelrojo.com\/independiente\/wp-json\/wp\/v2\/posts\/33629"}],"collection":[{"href":"https:\/\/www.locoxelrojo.com\/independiente\/wp-json\/wp\/v2\/posts"}],"about":[{"href":"https:\/\/www.locoxelrojo.com\/independiente\/wp-json\/wp\/v2\/types\/post"}],"author":[{"embeddable":true,"href":"https:\/\/www.locoxelrojo.com\/independiente\/wp-json\/wp\/v2\/users\/1"}],"replies":[{"embeddable":true,"href":"https:\/\/www.locoxelrojo.com\/independiente\/wp-json\/wp\/v2\/comments?post=33629"}],"version-history":[{"count":0,"href":"https:\/\/www.locoxelrojo.com\/independiente\/wp-json\/wp\/v2\/posts\/33629\/revisions"}],"wp:featuredmedia":[{"embeddable":true,"href":"https:\/\/www.locoxelrojo.com\/independiente\/wp-json\/wp\/v2\/media\/33630"}],"wp:attachment":[{"href":"https:\/\/www.locoxelrojo.com\/independiente\/wp-json\/wp\/v2\/media?parent=33629"}],"wp:term":[{"taxonomy":"category","embeddable":true,"href":"https:\/\/www.locoxelrojo.com\/independiente\/wp-json\/wp\/v2\/categories?post=33629"},{"taxonomy":"post_tag","embeddable":true,"href":"https:\/\/www.locoxelrojo.com\/independiente\/wp-json\/wp\/v2\/tags?post=33629"}],"curies":[{"name":"wp","href":"https:\/\/api.w.org\/{rel}","templated":true}]}}