{"id":33639,"date":"2013-06-25T21:42:25","date_gmt":"2013-06-26T00:42:25","guid":{"rendered":"http:\/\/www.locoxelrojo.com.ar\/independiente\/?p=33639"},"modified":"2015-10-07T22:04:23","modified_gmt":"2015-10-08T01:04:23","slug":"matheu-uno-tambien-se-siente-responsable","status":"publish","type":"post","link":"https:\/\/www.locoxelrojo.com\/independiente\/2013\/06\/25\/matheu-uno-tambien-se-siente-responsable\/","title":{"rendered":"Matheu: &#8220;Uno tambi\u00e9n se siente responsable&#8221;"},"content":{"rendered":"<p>Carlos Matheu habl\u00f3 sobre el hist\u00f3rico descenso de Independiente a la B Nacional y <strong>mostr\u00f3 su angustia por el triste final del equipo en Primera Divisi\u00f3n. El ex capit\u00e1n se sinti\u00f3 responsable por haber integrado uno de los planteles que llevaron al Rojo a la B Nacional, y remarc\u00f3 que en este momento debe haber unidad entre todos los sectores.<\/strong><\/p>\n<p><strong>\u201cEs una tristeza enorme, creo que inesperada. Se arranc\u00f3 el a\u00f1o en descenso, siempre con la expectativa de salir porque hab\u00eda equipo y se ve\u00eda que se pod\u00eda, pero paso a paso se dieron malos resultados, por ah\u00ed un poco de mala suerte, un poco de todo, y se termin\u00f3 con este desenlace que es muy triste\u201d<\/strong>, expres\u00f3 Matheu en di\u00e1logo con Radio La Red.<\/p>\n<p><strong>\u201cUno tambi\u00e9n se siente responsable porque dentro de las temporadas hubo un a\u00f1o en que fui capit\u00e1n del equipo, y por ah\u00ed las cosas no salieron. Obviamente que uno tiene que hacer un mea culpa porque cada uno tiene su responsabilidad\u201d<\/strong>, reconoci\u00f3 el defensor, quien dej\u00f3 el club en 2012 para sumarse al Atalanta. Y agreg\u00f3:<strong> \u201cHay que tratar de salir adelante como lo demostr\u00f3 la gente en el \u00faltimo partido. Todos juntos alentando creo que es la forma de volver r\u00e1pido a Primera\u201d<\/strong><strong>.<\/strong><\/p>\n<p>Por otra parte, Matheu no quiso dar precisiones sobre un posible regreso.<strong> \u201cSiempre dije que Independiente es mi casa. No me gust\u00f3 la forma en que me fui. El \u00faltimo a\u00f1o, no s\u00e9 si por temas contractuales, no me toc\u00f3 jugar casi nada. Me doli\u00f3 mucho, pero no es el momento para hablar de eso\u201d<\/strong>, afirm\u00f3 el ex capit\u00e1n, y cerr\u00f3 con un mensaje:<strong> \u201cEs el momento de estar todos unidos. Cada uno que tenga el coraz\u00f3n con Independiente tiene que apoyar desde donde le toque estar para tratar de volver r\u00e1pido en este a\u00f1o que va a ser muy dif\u00edcil\u201d<\/strong><strong>.<\/strong><\/p>\n","protected":false},"excerpt":{"rendered":"<p>Carlos Matheu habl\u00f3 sobre el hist\u00f3rico descenso de Independiente a la B Nacional y mostr\u00f3 su angustia por el triste final del equipo en Primera Divisi\u00f3n. El ex capit\u00e1n se sinti\u00f3 responsable por haber integrado uno de los planteles que llevaron al Rojo a la B Nacional, y remarc\u00f3 que en este momento debe haber [&hellip;]<\/p>\n","protected":false},"author":8,"featured_media":33645,"comment_status":"closed","ping_status":"closed","sticky":false,"template":"","format":"standard","meta":{"_links_to":"","_links_to_target":""},"categories":[3,1],"tags":[27,153,1485],"_links":{"self":[{"href":"https:\/\/www.locoxelrojo.com\/independiente\/wp-json\/wp\/v2\/posts\/33639"}],"collection":[{"href":"https:\/\/www.locoxelrojo.com\/independiente\/wp-json\/wp\/v2\/posts"}],"about":[{"href":"https:\/\/www.locoxelrojo.com\/independiente\/wp-json\/wp\/v2\/types\/post"}],"author":[{"embeddable":true,"href":"https:\/\/www.locoxelrojo.com\/independiente\/wp-json\/wp\/v2\/users\/8"}],"replies":[{"embeddable":true,"href":"https:\/\/www.locoxelrojo.com\/independiente\/wp-json\/wp\/v2\/comments?post=33639"}],"version-history":[{"count":0,"href":"https:\/\/www.locoxelrojo.com\/independiente\/wp-json\/wp\/v2\/posts\/33639\/revisions"}],"wp:featuredmedia":[{"embeddable":true,"href":"https:\/\/www.locoxelrojo.com\/independiente\/wp-json\/wp\/v2\/media\/33645"}],"wp:attachment":[{"href":"https:\/\/www.locoxelrojo.com\/independiente\/wp-json\/wp\/v2\/media?parent=33639"}],"wp:term":[{"taxonomy":"category","embeddable":true,"href":"https:\/\/www.locoxelrojo.com\/independiente\/wp-json\/wp\/v2\/categories?post=33639"},{"taxonomy":"post_tag","embeddable":true,"href":"https:\/\/www.locoxelrojo.com\/independiente\/wp-json\/wp\/v2\/tags?post=33639"}],"curies":[{"name":"wp","href":"https:\/\/api.w.org\/{rel}","templated":true}]}}