{"id":33653,"date":"2013-06-26T14:15:22","date_gmt":"2013-06-26T17:15:22","guid":{"rendered":"http:\/\/www.locoxelrojo.com.ar\/independiente\/?p=33653"},"modified":"2015-10-07T22:14:49","modified_gmt":"2015-10-08T01:14:49","slug":"leguizamon-si-vas-a-rajar-a-alguien-no-te-escondas-como-una-rata","status":"publish","type":"post","link":"https:\/\/www.locoxelrojo.com\/independiente\/2013\/06\/26\/leguizamon-si-vas-a-rajar-a-alguien-no-te-escondas-como-una-rata\/","title":{"rendered":"Leguizam\u00f3n: &#8220;Los dirigentes se apuraron a armar la lista&#8221;"},"content":{"rendered":"<p>Luciano Leguizam\u00f3n <strong>dispar\u00f3 contra Javier Cantero por la lista que confeccion\u00f3 la dirigencia de Independiente. &#8220;Se apuraron a armar la lista&#8221;<\/strong>, solt\u00f3. Por otro lado, <strong>asegur\u00f3 que el 5 de julio se presentar\u00e1 a entrenar.<\/strong><\/p>\n<p><strong>&#8220;<strong>Todav\u00eda pertenezco al club y voy a cumplir con mi responsabilidad. Los dirigentes se apuraron a la hora de armar esa lista<\/strong>&#8220;<\/strong>, sentenci\u00f3 el delantero en di\u00e1logo con Ol\u00e9.<\/p>\n<p>Luego, asever\u00f3 que se presentar\u00e1 entrenar en la pretemporada porque todav\u00eda tiene contrato con el club: <strong>&#8220;Todav\u00eda tengo dos a\u00f1os m\u00e1s de contrato con Independiente y me voy a presentar a entrenar porque es lo que corresponde&#8221;.<\/strong><\/p>\n<p>Por \u00faltimo, prefiri\u00f3 no ahondar sobre su futuro porque es incierto.<strong> &#8220;Prefiero no hablar mucho del tema porque no s\u00e9 c\u00f3mo se va a resolver la situaci\u00f3n. A m\u00ed desde el club nadie me comunic\u00f3 nada, ning\u00fan dirigente me avis\u00f3 si voy a seguir o no&#8221;<\/strong>, cerr\u00f3.<\/p>\n","protected":false},"excerpt":{"rendered":"<p>Luciano Leguizam\u00f3n dispar\u00f3 contra Javier Cantero por la lista que confeccion\u00f3 la dirigencia de Independiente. &#8220;Se apuraron a armar la lista&#8221;, solt\u00f3. Por otro lado, asegur\u00f3 que el 5 de julio se presentar\u00e1 a entrenar. &#8220;Todav\u00eda pertenezco al club y voy a cumplir con mi responsabilidad. Los dirigentes se apuraron a la hora de armar [&hellip;]<\/p>\n","protected":false},"author":1,"featured_media":33655,"comment_status":"closed","ping_status":"closed","sticky":false,"template":"","format":"standard","meta":{"_links_to":"","_links_to_target":""},"categories":[3,1],"tags":[153,1644],"_links":{"self":[{"href":"https:\/\/www.locoxelrojo.com\/independiente\/wp-json\/wp\/v2\/posts\/33653"}],"collection":[{"href":"https:\/\/www.locoxelrojo.com\/independiente\/wp-json\/wp\/v2\/posts"}],"about":[{"href":"https:\/\/www.locoxelrojo.com\/independiente\/wp-json\/wp\/v2\/types\/post"}],"author":[{"embeddable":true,"href":"https:\/\/www.locoxelrojo.com\/independiente\/wp-json\/wp\/v2\/users\/1"}],"replies":[{"embeddable":true,"href":"https:\/\/www.locoxelrojo.com\/independiente\/wp-json\/wp\/v2\/comments?post=33653"}],"version-history":[{"count":0,"href":"https:\/\/www.locoxelrojo.com\/independiente\/wp-json\/wp\/v2\/posts\/33653\/revisions"}],"wp:featuredmedia":[{"embeddable":true,"href":"https:\/\/www.locoxelrojo.com\/independiente\/wp-json\/wp\/v2\/media\/33655"}],"wp:attachment":[{"href":"https:\/\/www.locoxelrojo.com\/independiente\/wp-json\/wp\/v2\/media?parent=33653"}],"wp:term":[{"taxonomy":"category","embeddable":true,"href":"https:\/\/www.locoxelrojo.com\/independiente\/wp-json\/wp\/v2\/categories?post=33653"},{"taxonomy":"post_tag","embeddable":true,"href":"https:\/\/www.locoxelrojo.com\/independiente\/wp-json\/wp\/v2\/tags?post=33653"}],"curies":[{"name":"wp","href":"https:\/\/api.w.org\/{rel}","templated":true}]}}