{"id":33730,"date":"2013-06-28T10:02:28","date_gmt":"2013-06-28T13:02:28","guid":{"rendered":"http:\/\/www.locoxelrojo.com.ar\/independiente\/?p=33730"},"modified":"2015-10-07T22:16:41","modified_gmt":"2015-10-08T01:16:41","slug":"cantero-la-era-del-descenso","status":"publish","type":"post","link":"https:\/\/www.locoxelrojo.com\/independiente\/2013\/06\/28\/cantero-la-era-del-descenso\/","title":{"rendered":"Cantero: la era del descenso"},"content":{"rendered":"<p>Javier Cantero, como cabeza de la Agrupaci\u00f3n Independiente M\u00edstico, <strong>gan\u00f3 las elecciones del 2011 con m\u00e1s de 7.000 votos. Pas\u00f3 de ser un forista a Presidente en apenas nueve meses de campa\u00f1a. Si bien tom\u00f3 las riendas de un club devastado por la gesti\u00f3n anterior, su inexperiencia, soberbia y falta de capacidad llevaron a Independiente al descenso.<\/strong><\/p>\n<p>Hered\u00f3 un club en ruinas y lleg\u00f3 al poder para cambiarlo con la honestidad como bandera. <strong>Desde sus primeros d\u00edas de gesti\u00f3n marc\u00f3 grandes diferencias con la presidencia de Julio Comparada y hasta realiz\u00f3 una auditor\u00eda junto a una denuncia penal a la ex Comisi\u00f3n Directiva.<\/strong><\/p>\n<p>Su principal foco fue la lucha contra los barras, <strong>que le sum\u00f3 horas de pantalla y un raid medi\u00e1tico durante meses, hasta que se dio cuenta que la batalla estaba perdida de antemano. Su imagen sub\u00eda, pero el f\u00fatbol del club se ca\u00eda a pedazos.<\/strong><\/p>\n<p>A esto hay que sumarle los problemas econ\u00f3micos heredados por la gesti\u00f3n anterior. <strong>Nunca hubo un plan serio para generar recursos y tampoco se lograron grandes ventas. La \u00fanica fue la de Patricio Rodr\u00edguez al Santos de Brasil y nunca se supo cual fue el verdadero monto.<\/strong> El Departamento de Marketing cambi\u00f3 a los pocos meses de asumir y <strong>el poco ingenio llev\u00f3 a recurrir siempre al hincha para generar ingresos con los bonos contribuci\u00f3n, la venta de abonos anticipados, el espaldarazo y la apertura de inscripci\u00f3n de socios.<\/strong><\/p>\n<p>Pero como anunci\u00f3 Cantero en la escasa conferencia de prensa ya con el descenso consumado, su principal fracaso fue el f\u00fatbol. <strong>Se form\u00f3 una Subcomisi\u00f3n de F\u00fatbol con gente inexperta y se le dio poco espacio a muchas glorias del club. A\u00fan sin dinero en caja, se firmaron contratos millonarios a jugadores que poco rindieron en cancha y se pasearon por todas las camillas semana a semana. Eso s\u00f3lo llev\u00f3 a elevar un pasivo monstruoso ya existente.<\/strong><\/p>\n<p>Cantero hered\u00f3 un entrenador como Ram\u00f3n D\u00edaz, que a la cuarta fecha dej\u00f3 de ser el t\u00e9cnico. Su primer semestre fue tan pobre que dej\u00f3 a Independiente condenado a pelear el descenso. <strong>Tan s\u00f3lo 20 puntos de 57. Luego se le dio la responsabilidad de armar el plantel para la salvaci\u00f3n a Cristian D\u00edaz, que su \u00fanica experiencia hab\u00eda sido pelear un campeonato en Reserva.<\/strong><\/p>\n<p>Tras la renuncia de D\u00edaz en la fecha 4 del Torneo Inicial 2012,<strong> Cantero cumpli\u00f3 con la voluntad popular de traer a Am\u00e9rico Gallego, pero dejando de lado que cuando m\u00e1s resultados cosech\u00f3, fue cuando le dejaron armar su plantel. Para realizar el milagro lleg\u00f3 Miguel Brindisi, pero tan solo fue la calma antes de la tormenta.<\/strong><\/p>\n<p><strong>Independiente lleg\u00f3 a estar mas de 30 fechas en zona de descenso.<\/strong> Tuvo un peque\u00f1o respiro cuando le gan\u00f3 a Racing y en la seguidilla de triunfos con Brinsidi. <strong>En total, la gesti\u00f3n Cantero cosech\u00f3 59 puntos en 57 partidos. Adem\u00e1s, la temporada 2012\/2013, con 39 puntos en 38 juegos, igual\u00f3 a la peor de la historia desde que los triunfos valen tres puntos. \u00bfQui\u00e9n hab\u00eda hecho la peor tambi\u00e9n? Julio Comparada en la temporada 2008\/2009.<\/strong><\/p>\n<p>La realidad indica que la pr\u00f3xima temporada Independiente deber\u00e1 jugar <strong>por primera vez en su historia en la B Nacional. Esa es una mancha que Javier Cantero, su Comisi\u00f3n Directiva y los hinchas jam\u00e1s podr\u00e1n borrar.<\/strong> Se prometieron cambios, pero hasta el momento todo sigue igual. <strong>El panorama es negro, ya que las internas y la crisis institucional crece d\u00eda a d\u00eda, pero sobre todo, porque los responsables del descenso, son los mismos que intentaran llevar al &#8220;Rojo&#8221; al lugar que se merece.<\/strong><\/p>\n","protected":false},"excerpt":{"rendered":"<p>Javier Cantero, como cabeza de la Agrupaci\u00f3n Independiente M\u00edstico, gan\u00f3 las elecciones del 2011 con m\u00e1s de 7.000 votos. Pas\u00f3 de ser un forista a Presidente en apenas nueve meses de campa\u00f1a. Si bien tom\u00f3 las riendas de un club devastado por la gesti\u00f3n anterior, su inexperiencia, soberbia y falta de capacidad llevaron a Independiente [&hellip;]<\/p>\n","protected":false},"author":1,"featured_media":33760,"comment_status":"closed","ping_status":"closed","sticky":false,"template":"","format":"standard","meta":{"_links_to":"","_links_to_target":""},"categories":[4,1],"tags":[153,1485,723],"_links":{"self":[{"href":"https:\/\/www.locoxelrojo.com\/independiente\/wp-json\/wp\/v2\/posts\/33730"}],"collection":[{"href":"https:\/\/www.locoxelrojo.com\/independiente\/wp-json\/wp\/v2\/posts"}],"about":[{"href":"https:\/\/www.locoxelrojo.com\/independiente\/wp-json\/wp\/v2\/types\/post"}],"author":[{"embeddable":true,"href":"https:\/\/www.locoxelrojo.com\/independiente\/wp-json\/wp\/v2\/users\/1"}],"replies":[{"embeddable":true,"href":"https:\/\/www.locoxelrojo.com\/independiente\/wp-json\/wp\/v2\/comments?post=33730"}],"version-history":[{"count":0,"href":"https:\/\/www.locoxelrojo.com\/independiente\/wp-json\/wp\/v2\/posts\/33730\/revisions"}],"wp:featuredmedia":[{"embeddable":true,"href":"https:\/\/www.locoxelrojo.com\/independiente\/wp-json\/wp\/v2\/media\/33760"}],"wp:attachment":[{"href":"https:\/\/www.locoxelrojo.com\/independiente\/wp-json\/wp\/v2\/media?parent=33730"}],"wp:term":[{"taxonomy":"category","embeddable":true,"href":"https:\/\/www.locoxelrojo.com\/independiente\/wp-json\/wp\/v2\/categories?post=33730"},{"taxonomy":"post_tag","embeddable":true,"href":"https:\/\/www.locoxelrojo.com\/independiente\/wp-json\/wp\/v2\/tags?post=33730"}],"curies":[{"name":"wp","href":"https:\/\/api.w.org\/{rel}","templated":true}]}}