{"id":33985,"date":"2013-07-04T19:51:03","date_gmt":"2013-07-04T22:51:03","guid":{"rendered":"http:\/\/www.locoxelrojo.com.ar\/independiente\/?p=33985"},"modified":"2013-07-04T20:54:45","modified_gmt":"2013-07-04T23:54:45","slug":"tachen-delanteros","status":"publish","type":"post","link":"https:\/\/www.locoxelrojo.com\/independiente\/2013\/07\/04\/tachen-delanteros\/","title":{"rendered":"Tachen delanteros"},"content":{"rendered":"<p>Siguen pasando los d\u00edas en el mercado de pases e Independiente no puede cerrar su primera incorporaci\u00f3n. <strong>En el rubro delanteros, en las \u00faltimas horas se empiezan a descartar algunos nombres. David Trezeguet, Carlos Bueno, Claudio Ria\u00f1o, Mauro Matos y Mauro \u00d3bolo no llegar\u00e1n al &#8220;Rojo&#8221;.<\/strong><\/p>\n<p><strong>El primero en bajarse fue Carlos Bueno. El uruguayo, a pesar de mostrar sus ganas p\u00fablicamente de llegar a Independiente, esta semana declar\u00f3 que su futuro esta lejos de Avellaneda.<\/strong> Ten\u00eda todo acordado de palabra su contrato con Godoy Cruz, pero finalmente la pr\u00f3xima temporada vestir\u00e1 los colores de Belgrano de C\u00f3rdoba.<\/p>\n<p><strong>Luego lleg\u00f3 la negativa de David Trezeguet, sin lugar en River.<\/strong> Armando Fell\u00edn fue el dirigente del &#8220;Rojo&#8221; que comenz\u00f3 las negociaciones, pero la novela dur\u00f3 apenas 24 horas. <strong>Miguel Brindisi confirm\u00f3 que su representante le agradeci\u00f3 la propuesta, pero van a seguir evaluando otras alternativas.<\/strong><\/p>\n<p><strong>Uno de los que m\u00e1s le interesaba a Brindisi era Mauro \u00d3bolo, actualmente en Godoy Cruz. Mart\u00edn Palermo tuvo una reuni\u00f3n con los dirigentes del &#8220;Tomba&#8221; y pidi\u00f3 que el atacante se quede en el club.<\/strong> El conjunto mendocino no pudo cerrar la llegada de Carlos Bueno y Cristian Milla, por eso el futuro de \u00d3bolo est\u00e1 en Mendoza.<\/p>\n<p><strong>Mauro Matos aparec\u00eda como alternativa, pero Roberto Bugallo, presidente de All Boys, dijo que el jugador permanecer\u00e1 en Floresta llegue la oferta que llegue.<\/strong> Adem\u00e1s, el deseo de Julio Falcioni es contar con Matos de cara a la pr\u00f3xima temporada.<\/p>\n<p><strong>Por \u00faltimo, de diferentes caracter\u00edsticas, figuraba el nombre de Claudio Ria\u00f1o, flamante refuerzo de Boca Juniors.<\/strong> Su llegada al club de la Ribera se confirm\u00f3 esta tarde y trajo varios conflictos en San Mart\u00edn de San Juan y Talleres de C\u00f3rdoba su anterior club.<\/p>\n<p>Descartados estos delanteros, ya suenan nuevos nombres: <strong>Sebasti\u00e1n Penco, Gonzalo Castillejos, Cristian Men\u00e9ndez y Ezequiel Maggiolo.<\/strong><\/p>\n","protected":false},"excerpt":{"rendered":"<p>Siguen pasando los d\u00edas en el mercado de pases e Independiente no puede cerrar su primera incorporaci\u00f3n. En el rubro delanteros, en las \u00faltimas horas se empiezan a descartar algunos nombres. David Trezeguet, Carlos Bueno, Claudio Ria\u00f1o, Mauro Matos y Mauro \u00d3bolo no llegar\u00e1n al &#8220;Rojo&#8221;. El primero en bajarse fue Carlos Bueno. El uruguayo, [&hellip;]<\/p>\n","protected":false},"author":1,"featured_media":33990,"comment_status":"closed","ping_status":"closed","sticky":false,"template":"","format":"standard","meta":{"_links_to":"","_links_to_target":""},"categories":[3,1],"tags":[1785,2197,2226,1207,1114],"_links":{"self":[{"href":"https:\/\/www.locoxelrojo.com\/independiente\/wp-json\/wp\/v2\/posts\/33985"}],"collection":[{"href":"https:\/\/www.locoxelrojo.com\/independiente\/wp-json\/wp\/v2\/posts"}],"about":[{"href":"https:\/\/www.locoxelrojo.com\/independiente\/wp-json\/wp\/v2\/types\/post"}],"author":[{"embeddable":true,"href":"https:\/\/www.locoxelrojo.com\/independiente\/wp-json\/wp\/v2\/users\/1"}],"replies":[{"embeddable":true,"href":"https:\/\/www.locoxelrojo.com\/independiente\/wp-json\/wp\/v2\/comments?post=33985"}],"version-history":[{"count":0,"href":"https:\/\/www.locoxelrojo.com\/independiente\/wp-json\/wp\/v2\/posts\/33985\/revisions"}],"wp:featuredmedia":[{"embeddable":true,"href":"https:\/\/www.locoxelrojo.com\/independiente\/wp-json\/wp\/v2\/media\/33990"}],"wp:attachment":[{"href":"https:\/\/www.locoxelrojo.com\/independiente\/wp-json\/wp\/v2\/media?parent=33985"}],"wp:term":[{"taxonomy":"category","embeddable":true,"href":"https:\/\/www.locoxelrojo.com\/independiente\/wp-json\/wp\/v2\/categories?post=33985"},{"taxonomy":"post_tag","embeddable":true,"href":"https:\/\/www.locoxelrojo.com\/independiente\/wp-json\/wp\/v2\/tags?post=33985"}],"curies":[{"name":"wp","href":"https:\/\/api.w.org\/{rel}","templated":true}]}}