{"id":34069,"date":"2013-07-08T15:56:57","date_gmt":"2013-07-08T18:56:57","guid":{"rendered":"http:\/\/www.locoxelrojo.com.ar\/independiente\/?p=34069"},"modified":"2013-07-09T03:11:06","modified_gmt":"2013-07-09T06:11:06","slug":"godoy-siempre-tuve-ganas-de-quedarme","status":"publish","type":"post","link":"https:\/\/www.locoxelrojo.com\/independiente\/2013\/07\/08\/godoy-siempre-tuve-ganas-de-quedarme\/","title":{"rendered":"Godoy: &#8220;Siempre tuve ganas de quedarme&#8221;"},"content":{"rendered":"<p><strong>Fernando Godoy habl\u00f3 sobre su salida de Independiente. El volante explic\u00f3 que siempre tuvo ganas de quedarse en el club, pero que la negociaci\u00f3n se dilat\u00f3 mucho. Adem\u00e1s, aclar\u00f3 que en seis meses hubo una sola reuni\u00f3n con la dirigencia.<\/strong><\/p>\n<p><strong>&#8220;Siempre tuve ganas de quedarme, se dilat\u00f3 mucho la situaci\u00f3n. Esto se podr\u00eda haber arreglado antes y se solucionaba. Ahora hay que pasar de p\u00e1gina y seguir para adelante&#8221;<\/strong>, se lament\u00f3 el volante surgido de las inferiores de Independiente en Los M\u00e1s Grandes por Radio Cooperativa.<\/p>\n<p>Godoy finaliz\u00f3 su v\u00ednculo con el &#8220;Rojo&#8221; el 30 de junio y se va, con el pase en su poder, a jugar al Panetolikos de Grecia. <strong>\u201cEn seis meses hubo s\u00f3lo una reuni\u00f3n entre mi representante y los dirigentes. Despu\u00e9s, no se habl\u00f3 m\u00e1s. Se arreglaron cosas que despu\u00e9s, no terminaron en nada, yo esperaba respuestas del club&#8221;<\/strong>, cont\u00f3.<\/p>\n<p><strong>&#8220;No es que me estoy yendo porque no quiero jugar en la B. Miguel (Brindisi) me pidi\u00f3 que me quede\u201d<\/strong>, agreg\u00f3. Todav\u00eda golpeado por el descenso, aclar\u00f3 que el equipo <strong>&#8220;dej\u00f3 todo para que Independiente se quedara en Primera&#8221;<\/strong>, pero lamentablemente los resultados no se dieron.<\/p>\n<p>Para finalizar, expres\u00f3 que no se va enojado con la dirigencia y como hincha, espera que el club vuelta pronto a Primera. <strong>&#8220;No le tengo rencor a esta dirigencia. Como hincha, lo \u00fanico que quiero es que ahora se arme un buen equipo y que Independiente vuelva a primera lo m\u00e1s r\u00e1pido posible&#8221;<\/strong>, cerr\u00f3.<\/p>\n","protected":false},"excerpt":{"rendered":"<p>Fernando Godoy habl\u00f3 sobre su salida de Independiente. El volante explic\u00f3 que siempre tuvo ganas de quedarse en el club, pero que la negociaci\u00f3n se dilat\u00f3 mucho. Adem\u00e1s, aclar\u00f3 que en seis meses hubo una sola reuni\u00f3n con la dirigencia. &#8220;Siempre tuve ganas de quedarme, se dilat\u00f3 mucho la situaci\u00f3n. Esto se podr\u00eda haber arreglado [&hellip;]<\/p>\n","protected":false},"author":1,"featured_media":34070,"comment_status":"closed","ping_status":"closed","sticky":false,"template":"","format":"standard","meta":{"_links_to":"","_links_to_target":""},"categories":[3,1],"tags":[29],"_links":{"self":[{"href":"https:\/\/www.locoxelrojo.com\/independiente\/wp-json\/wp\/v2\/posts\/34069"}],"collection":[{"href":"https:\/\/www.locoxelrojo.com\/independiente\/wp-json\/wp\/v2\/posts"}],"about":[{"href":"https:\/\/www.locoxelrojo.com\/independiente\/wp-json\/wp\/v2\/types\/post"}],"author":[{"embeddable":true,"href":"https:\/\/www.locoxelrojo.com\/independiente\/wp-json\/wp\/v2\/users\/1"}],"replies":[{"embeddable":true,"href":"https:\/\/www.locoxelrojo.com\/independiente\/wp-json\/wp\/v2\/comments?post=34069"}],"version-history":[{"count":0,"href":"https:\/\/www.locoxelrojo.com\/independiente\/wp-json\/wp\/v2\/posts\/34069\/revisions"}],"wp:featuredmedia":[{"embeddable":true,"href":"https:\/\/www.locoxelrojo.com\/independiente\/wp-json\/wp\/v2\/media\/34070"}],"wp:attachment":[{"href":"https:\/\/www.locoxelrojo.com\/independiente\/wp-json\/wp\/v2\/media?parent=34069"}],"wp:term":[{"taxonomy":"category","embeddable":true,"href":"https:\/\/www.locoxelrojo.com\/independiente\/wp-json\/wp\/v2\/categories?post=34069"},{"taxonomy":"post_tag","embeddable":true,"href":"https:\/\/www.locoxelrojo.com\/independiente\/wp-json\/wp\/v2\/tags?post=34069"}],"curies":[{"name":"wp","href":"https:\/\/api.w.org\/{rel}","templated":true}]}}