{"id":3434,"date":"2010-12-09T14:31:48","date_gmt":"2010-12-09T16:31:48","guid":{"rendered":"http:\/\/www.locoxelrojo.com.ar\/independiente\/?p=3434"},"modified":"2015-09-09T15:23:27","modified_gmt":"2015-09-09T18:23:27","slug":"parra-yo-queria-la-llave-googlie-el-nissan-antes-del-partido","status":"publish","type":"post","link":"https:\/\/www.locoxelrojo.com\/independiente\/2010\/12\/09\/parra-yo-queria-la-llave-googlie-el-nissan-antes-del-partido\/","title":{"rendered":"Parra: &#8220;Yo quer\u00eda la llave, googlee el Nissan antes del partido&#8221;"},"content":{"rendered":"<p><a href=\"http:\/\/www.locoxelrojo.com.ar\/independiente\/wp-content\/uploads\/2010\/12\/parra.jpg\"><img loading=\"lazy\" class=\"alignnone size-full wp-image-3435\" title=\"parra\" src=\"http:\/\/www.locoxelrojo.com.ar\/independiente\/wp-content\/uploads\/2010\/12\/parra.jpg\" alt=\"\" width=\"550\" height=\"315\" srcset=\"https:\/\/locoxelrojo.com\/independiente\/wp-content\/uploads\/2010\/12\/parra.jpg 550w, https:\/\/locoxelrojo.com\/independiente\/wp-content\/uploads\/2010\/12\/parra-300x171.jpg 300w\" sizes=\"(max-width: 550px) 100vw, 550px\" \/><\/a><\/p>\n<p>Facundo Parra pas\u00f3 por 90 Minutos de F\u00fatbol en Fox y dio una nota entre la Subcomisi\u00f3n del hincha que estuvo presente en el piso. El delantero declar\u00f3 que estuvieron 1 hora despu\u00e9s del partido esperando para arrancar hacia el hotel. Evidentemente, la emoci\u00f3n le hizo perder noci\u00f3n del tiempo porque desde el Libertadores hacia el Obelisco salieron cerca de las 2,30 hs. Al Obelisco llegaron 4,30 horas.<\/p>\n<p>Respecto al chiste de la Llave del auto, Parra empez\u00f3 a describirlo y se lo mostr\u00f3 al Chavo Fucks en su notebook. Sobre el tr\u00e1mite del juego, Parra marc\u00f3: &#8220;Menos que estaba en offside en ese gol anulado, porque me hab\u00edan peinado a m\u00ed la pelota en el primer palo&#8221;. El delantero explic\u00f3 que &#8220;no so\u00f1aba esto&#8221; y aclar\u00f3 que como en la \u00faltima pr\u00e1ctica las puertas estuvieron abiertas a los hinchas, no practicaron penales por temor a que haya infiltrados.<\/p>\n","protected":false},"excerpt":{"rendered":"<p>Facundo Parra pas\u00f3 por 90 Minutos de F\u00fatbol en Fox y dio una nota entre la Subcomisi\u00f3n del hincha que estuvo presente en el piso. El delantero declar\u00f3 que estuvieron 1 hora despu\u00e9s del partido esperando para arrancar hacia el hotel. Evidentemente, la emoci\u00f3n le hizo perder noci\u00f3n del tiempo porque desde el Libertadores hacia [&hellip;]<\/p>\n","protected":false},"author":1,"featured_media":0,"comment_status":"open","ping_status":"open","sticky":false,"template":"","format":"standard","meta":{"_links_to":"","_links_to_target":""},"categories":[7,3,1],"tags":[36,317,350],"_links":{"self":[{"href":"https:\/\/www.locoxelrojo.com\/independiente\/wp-json\/wp\/v2\/posts\/3434"}],"collection":[{"href":"https:\/\/www.locoxelrojo.com\/independiente\/wp-json\/wp\/v2\/posts"}],"about":[{"href":"https:\/\/www.locoxelrojo.com\/independiente\/wp-json\/wp\/v2\/types\/post"}],"author":[{"embeddable":true,"href":"https:\/\/www.locoxelrojo.com\/independiente\/wp-json\/wp\/v2\/users\/1"}],"replies":[{"embeddable":true,"href":"https:\/\/www.locoxelrojo.com\/independiente\/wp-json\/wp\/v2\/comments?post=3434"}],"version-history":[{"count":0,"href":"https:\/\/www.locoxelrojo.com\/independiente\/wp-json\/wp\/v2\/posts\/3434\/revisions"}],"wp:attachment":[{"href":"https:\/\/www.locoxelrojo.com\/independiente\/wp-json\/wp\/v2\/media?parent=3434"}],"wp:term":[{"taxonomy":"category","embeddable":true,"href":"https:\/\/www.locoxelrojo.com\/independiente\/wp-json\/wp\/v2\/categories?post=3434"},{"taxonomy":"post_tag","embeddable":true,"href":"https:\/\/www.locoxelrojo.com\/independiente\/wp-json\/wp\/v2\/tags?post=3434"}],"curies":[{"name":"wp","href":"https:\/\/api.w.org\/{rel}","templated":true}]}}