{"id":34468,"date":"2013-07-22T19:40:36","date_gmt":"2013-07-22T22:40:36","guid":{"rendered":"http:\/\/www.locoxelrojo.com.ar\/independiente\/?p=34468"},"modified":"2015-10-07T22:38:56","modified_gmt":"2015-10-08T01:38:56","slug":"assmann-me-dolio-mucho-lo-que-paso-con-gabbarini","status":"publish","type":"post","link":"https:\/\/www.locoxelrojo.com\/independiente\/2013\/07\/22\/assmann-me-dolio-mucho-lo-que-paso-con-gabbarini\/","title":{"rendered":"Assmann: &#8220;Me doli\u00f3 mucho lo que pas\u00f3 con Gabbarini&#8221;"},"content":{"rendered":"<p><strong>Fabi\u00e1n Assmann se mostr\u00f3 dolido por el manejo que tuvo la dirigencia de Independiente con su colega y adem\u00e1s reconoci\u00f3 que no ser\u00e1 f\u00e1cil volver r\u00e1pido a la Primera Divisi\u00f3n. &#8220;Me doli\u00f3 mucho lo que pas\u00f3 con Gabbarini&#8221;, declar\u00f3.<\/strong><\/p>\n<p><strong>&#8220;Me doli\u00f3 mucho lo que le paso a Gabbarini. No se manejaron bien con \u00e9l cuando estuvo lesionado tampoco&#8221;<\/strong>, se\u00f1al\u00f3 el arquero en Fox Sports Radio.<\/p>\n<p>Por otra parte, Assmann remarc\u00f3 que ser\u00e1 dif\u00edcil jugar en la B Nacional. <strong>&#8220;Cuesta aceptar que vamos a jugar la B Nacional. No s\u00e9 si estamos preparados, vamos a tener un a\u00f1o complicado, no hay que desesperarse. Va a ser un camino muy duro&#8221;<\/strong>, asegur\u00f3. Adem\u00e1s, sabe que el p\u00fablico va a exigir al plantel. <strong>&#8220;La gente va a querer que ganemos todos los partidos 5-0, a nosotros con el 1-0 y los 3 puntos nos alcanza&#8221;<\/strong>, manifest\u00f3.<\/p>\n<p><strong>&#8220;Es feo escuchar que dicen de uno que esta todo roto, que no volves mas&#8221;<\/strong>, indic\u00f3. <strong>&#8220;Cualquier jugador de futbol que est\u00e1 un a\u00f1o sin jugar desaparece&#8221;<\/strong>, declar\u00f3.<\/p>\n<p>Por \u00faltimo, cont\u00f3 que no est\u00e1 definido el arquero para el debut. <strong>&#8220;Brindisi est\u00e1 probando, no est\u00e1 definido qui\u00e9n va a atajar&#8221;<\/strong>, cerr\u00f3.<\/p>\n","protected":false},"excerpt":{"rendered":"<p>Fabi\u00e1n Assmann se mostr\u00f3 dolido por el manejo que tuvo la dirigencia de Independiente con su colega y adem\u00e1s reconoci\u00f3 que no ser\u00e1 f\u00e1cil volver r\u00e1pido a la Primera Divisi\u00f3n. &#8220;Me doli\u00f3 mucho lo que pas\u00f3 con Gabbarini&#8221;, declar\u00f3. &#8220;Me doli\u00f3 mucho lo que le paso a Gabbarini. No se manejaron bien con \u00e9l cuando [&hellip;]<\/p>\n","protected":false},"author":14,"featured_media":34469,"comment_status":"closed","ping_status":"closed","sticky":false,"template":"","format":"standard","meta":{"_links_to":"","_links_to_target":""},"categories":[3,1],"tags":[77,153,78],"_links":{"self":[{"href":"https:\/\/www.locoxelrojo.com\/independiente\/wp-json\/wp\/v2\/posts\/34468"}],"collection":[{"href":"https:\/\/www.locoxelrojo.com\/independiente\/wp-json\/wp\/v2\/posts"}],"about":[{"href":"https:\/\/www.locoxelrojo.com\/independiente\/wp-json\/wp\/v2\/types\/post"}],"author":[{"embeddable":true,"href":"https:\/\/www.locoxelrojo.com\/independiente\/wp-json\/wp\/v2\/users\/14"}],"replies":[{"embeddable":true,"href":"https:\/\/www.locoxelrojo.com\/independiente\/wp-json\/wp\/v2\/comments?post=34468"}],"version-history":[{"count":0,"href":"https:\/\/www.locoxelrojo.com\/independiente\/wp-json\/wp\/v2\/posts\/34468\/revisions"}],"wp:featuredmedia":[{"embeddable":true,"href":"https:\/\/www.locoxelrojo.com\/independiente\/wp-json\/wp\/v2\/media\/34469"}],"wp:attachment":[{"href":"https:\/\/www.locoxelrojo.com\/independiente\/wp-json\/wp\/v2\/media?parent=34468"}],"wp:term":[{"taxonomy":"category","embeddable":true,"href":"https:\/\/www.locoxelrojo.com\/independiente\/wp-json\/wp\/v2\/categories?post=34468"},{"taxonomy":"post_tag","embeddable":true,"href":"https:\/\/www.locoxelrojo.com\/independiente\/wp-json\/wp\/v2\/tags?post=34468"}],"curies":[{"name":"wp","href":"https:\/\/api.w.org\/{rel}","templated":true}]}}