{"id":34471,"date":"2013-07-23T16:00:43","date_gmt":"2013-07-23T19:00:43","guid":{"rendered":"http:\/\/www.locoxelrojo.com.ar\/independiente\/?p=34471"},"modified":"2013-07-23T22:47:39","modified_gmt":"2013-07-24T01:47:39","slug":"fuerza-zarate","status":"publish","type":"post","link":"https:\/\/www.locoxelrojo.com\/independiente\/2013\/07\/23\/fuerza-zarate\/","title":{"rendered":"Fuerza Z\u00e1rate"},"content":{"rendered":"<p><strong>Alexis Z\u00e1rate, defensor de Independiente, sufri\u00f3 esta ma\u00f1ana la fractura del maxilar inferior y deber\u00e1 ser operado en los pr\u00f3ximos d\u00edas. Su recuperaci\u00f3n demandar\u00e1 al menos 2 meses y ser\u00e1 un dolor de cabeza para Miguel Brindisi, quien estaba utilizando al juvenil como lateral derecho, ya que el \u00fanico disponible en el plantel profesional es Gabriel Vall\u00e9s.<\/strong><\/p>\n<p>Z\u00e1rate comenz\u00f3 jugando desde el arranque para el equipo titular en el amistoso ante Godoy Cruz en el predio de Defensa y Justicia. <strong>El defensor choc\u00f3 su cabeza con la rodilla de Facundo Castill\u00f3n en una jugada desafortunada y tuvo que ser reemplazado. Los estudios arrojaron la fractura del maxilar inferior y tendr\u00e1 que ser intervenido quir\u00fargicamente en los pr\u00f3ximos d\u00edas. <\/strong><\/p>\n<p><strong>La rehabilitaci\u00f3n demandar\u00e1 aproximadamente dos meses<\/strong> y ser\u00e1 todo un problema para Miguel Brindisi, quien ante la falta de refuerzos por el carril derecho, contaba a Z\u00e1rate como alternativa de Gabriel Vall\u00e9s.<\/p>\n<p><strong>Desde LocoXelRojo le mandamos un abrazo grande y una pronta recuperaci\u00f3n. \u00a1Fuerza &#8220;Trucho&#8221;!<\/strong><\/p>\n","protected":false},"excerpt":{"rendered":"<p>Alexis Z\u00e1rate, defensor de Independiente, sufri\u00f3 esta ma\u00f1ana la fractura del maxilar inferior y deber\u00e1 ser operado en los pr\u00f3ximos d\u00edas. Su recuperaci\u00f3n demandar\u00e1 al menos 2 meses y ser\u00e1 un dolor de cabeza para Miguel Brindisi, quien estaba utilizando al juvenil como lateral derecho, ya que el \u00fanico disponible en el plantel profesional es [&hellip;]<\/p>\n","protected":false},"author":1,"featured_media":34472,"comment_status":"closed","ping_status":"closed","sticky":false,"template":"","format":"standard","meta":{"_links_to":"","_links_to_target":""},"categories":[3,1],"tags":[92],"_links":{"self":[{"href":"https:\/\/www.locoxelrojo.com\/independiente\/wp-json\/wp\/v2\/posts\/34471"}],"collection":[{"href":"https:\/\/www.locoxelrojo.com\/independiente\/wp-json\/wp\/v2\/posts"}],"about":[{"href":"https:\/\/www.locoxelrojo.com\/independiente\/wp-json\/wp\/v2\/types\/post"}],"author":[{"embeddable":true,"href":"https:\/\/www.locoxelrojo.com\/independiente\/wp-json\/wp\/v2\/users\/1"}],"replies":[{"embeddable":true,"href":"https:\/\/www.locoxelrojo.com\/independiente\/wp-json\/wp\/v2\/comments?post=34471"}],"version-history":[{"count":0,"href":"https:\/\/www.locoxelrojo.com\/independiente\/wp-json\/wp\/v2\/posts\/34471\/revisions"}],"wp:featuredmedia":[{"embeddable":true,"href":"https:\/\/www.locoxelrojo.com\/independiente\/wp-json\/wp\/v2\/media\/34472"}],"wp:attachment":[{"href":"https:\/\/www.locoxelrojo.com\/independiente\/wp-json\/wp\/v2\/media?parent=34471"}],"wp:term":[{"taxonomy":"category","embeddable":true,"href":"https:\/\/www.locoxelrojo.com\/independiente\/wp-json\/wp\/v2\/categories?post=34471"},{"taxonomy":"post_tag","embeddable":true,"href":"https:\/\/www.locoxelrojo.com\/independiente\/wp-json\/wp\/v2\/tags?post=34471"}],"curies":[{"name":"wp","href":"https:\/\/api.w.org\/{rel}","templated":true}]}}