{"id":34672,"date":"2013-07-30T16:40:21","date_gmt":"2013-07-30T19:40:21","guid":{"rendered":"http:\/\/www.locoxelrojo.com.ar\/independiente\/?p=34672"},"modified":"2015-10-07T22:45:40","modified_gmt":"2015-10-08T01:45:40","slug":"tula-se-pierde-el-debut","status":"publish","type":"post","link":"https:\/\/www.locoxelrojo.com\/independiente\/2013\/07\/30\/tula-se-pierde-el-debut\/","title":{"rendered":"Tula se pierde el debut"},"content":{"rendered":"<p><strong>Cristian Tula no ser\u00e1 de la partida en el debut ante Brown de Adrogu\u00e9 por la primera fecha de la B Nacional 2013\/2014.<\/strong> El defensor arrastra una tendinopat\u00eda en el tend\u00f3n de Aquiles izquierdo.<\/p>\n<p>Finalmente, Miguel Brindisi no podr\u00e1 contar con Tula para el arranque del s\u00e1bado. <strong>Una tendinopat\u00eda en el tend\u00f3n de Aquiles izquierdo lo deja afuera del partido ante Brown de Adrogu\u00e9 en el Libertadores de Am\u00e9rica.<\/strong><\/p>\n<p>El defensor viene entrenando de manera diferenciada y realizando ejercicios de kinesiolog\u00eda. <strong>Si evoluciona favorablemente, el entrenador lo tendr\u00e1 en cuenta para la segunda fecha cuando Independiente enfrente a Boca Unidos, el martes 13 de agosto en Corrientes.<\/strong><\/p>\n","protected":false},"excerpt":{"rendered":"<p>Cristian Tula no ser\u00e1 de la partida en el debut ante Brown de Adrogu\u00e9 por la primera fecha de la B Nacional 2013\/2014. El defensor arrastra una tendinopat\u00eda en el tend\u00f3n de Aquiles izquierdo. Finalmente, Miguel Brindisi no podr\u00e1 contar con Tula para el arranque del s\u00e1bado. Una tendinopat\u00eda en el tend\u00f3n de Aquiles izquierdo [&hellip;]<\/p>\n","protected":false},"author":1,"featured_media":34674,"comment_status":"closed","ping_status":"closed","sticky":false,"template":"","format":"standard","meta":{"_links_to":"","_links_to_target":""},"categories":[3,1],"tags":[2254,153,1615],"_links":{"self":[{"href":"https:\/\/www.locoxelrojo.com\/independiente\/wp-json\/wp\/v2\/posts\/34672"}],"collection":[{"href":"https:\/\/www.locoxelrojo.com\/independiente\/wp-json\/wp\/v2\/posts"}],"about":[{"href":"https:\/\/www.locoxelrojo.com\/independiente\/wp-json\/wp\/v2\/types\/post"}],"author":[{"embeddable":true,"href":"https:\/\/www.locoxelrojo.com\/independiente\/wp-json\/wp\/v2\/users\/1"}],"replies":[{"embeddable":true,"href":"https:\/\/www.locoxelrojo.com\/independiente\/wp-json\/wp\/v2\/comments?post=34672"}],"version-history":[{"count":0,"href":"https:\/\/www.locoxelrojo.com\/independiente\/wp-json\/wp\/v2\/posts\/34672\/revisions"}],"wp:featuredmedia":[{"embeddable":true,"href":"https:\/\/www.locoxelrojo.com\/independiente\/wp-json\/wp\/v2\/media\/34674"}],"wp:attachment":[{"href":"https:\/\/www.locoxelrojo.com\/independiente\/wp-json\/wp\/v2\/media?parent=34672"}],"wp:term":[{"taxonomy":"category","embeddable":true,"href":"https:\/\/www.locoxelrojo.com\/independiente\/wp-json\/wp\/v2\/categories?post=34672"},{"taxonomy":"post_tag","embeddable":true,"href":"https:\/\/www.locoxelrojo.com\/independiente\/wp-json\/wp\/v2\/tags?post=34672"}],"curies":[{"name":"wp","href":"https:\/\/api.w.org\/{rel}","templated":true}]}}