{"id":34765,"date":"2013-08-01T13:45:30","date_gmt":"2013-08-01T16:45:30","guid":{"rendered":"http:\/\/www.locoxelrojo.com.ar\/independiente\/?p=34765"},"modified":"2014-01-19T17:59:11","modified_gmt":"2014-01-19T20:59:11","slug":"equipo-definido-para-el-debut","status":"publish","type":"post","link":"https:\/\/www.locoxelrojo.com\/independiente\/2013\/08\/01\/equipo-definido-para-el-debut\/","title":{"rendered":"Equipo definido para el debut"},"content":{"rendered":"<p>El plantel de Independiente se entren\u00f3 esta ma\u00f1ana a puertas cerradas en Villa Dom\u00ednico y <strong>Miguel \u00c1ngel Brindisi ya tiene definido el equipo que enfrentar\u00e1 a Brown de Adrogu\u00e9 en el debut. Fabi\u00e1n Assmann ser\u00e1 el arquero y Fabi\u00e1n Monserrat ir\u00e1 como lateral derecho.<\/strong><\/p>\n<p>Quedan dos d\u00edas para el primer choque de la B Nacional en Avellaneda. Por eso, el entrenador ya defini\u00f3 quienes ser\u00e1n los 11 titulares.<strong>\u00a0Si bien Mart\u00edn Zapata no se entren\u00f3 esta ma\u00f1ana por un estado gripal, llegar\u00e1 en condiciones al s\u00e1bado. Respecto del lateral derecho, ante la ausencia de Gabriel Vall\u00e9s, ocupar\u00e1 ese lugar Fabi\u00e1n Monserrat.<\/strong><\/p>\n<p>De esta forma, el &#8220;Rojo&#8221; ir\u00eda con un 4-3-1-2 con: <strong>Fabi\u00e1n\u00a0Assmann; Fabi\u00e1n Monserrat, Juli\u00e1n Vel\u00e1zquez, Claudio Morel Rodr\u00edguez, Lucas Villalba; Mart\u00edn Zapata, Franco Razzotti, Juan Manuel Trejo; Daniel Montenegro; Cristian Men\u00e9ndez y Sebasti\u00e1n Penco.<\/strong><\/p>\n<p>El plantel volver\u00e1 a entrenar ma\u00f1ana por la tarde en el predio Santo Domingo y <strong>despu\u00e9s quedar\u00e1 concentrado para el encuentro del s\u00e1bado a las 16:10h ante Brown de Adrogu\u00e9 en el Libertadores de Am\u00e9rica.<\/strong><\/p>\n","protected":false},"excerpt":{"rendered":"<p>El plantel de Independiente se entren\u00f3 esta ma\u00f1ana a puertas cerradas en Villa Dom\u00ednico y Miguel \u00c1ngel Brindisi ya tiene definido el equipo que enfrentar\u00e1 a Brown de Adrogu\u00e9 en el debut. Fabi\u00e1n Assmann ser\u00e1 el arquero y Fabi\u00e1n Monserrat ir\u00e1 como lateral derecho. Quedan dos d\u00edas para el primer choque de la B Nacional [&hellip;]<\/p>\n","protected":false},"author":11,"featured_media":34766,"comment_status":"closed","ping_status":"closed","sticky":false,"template":"","format":"standard","meta":{"_links_to":"","_links_to_target":""},"categories":[3,1],"tags":[2254,78,984,485,172],"_links":{"self":[{"href":"https:\/\/www.locoxelrojo.com\/independiente\/wp-json\/wp\/v2\/posts\/34765"}],"collection":[{"href":"https:\/\/www.locoxelrojo.com\/independiente\/wp-json\/wp\/v2\/posts"}],"about":[{"href":"https:\/\/www.locoxelrojo.com\/independiente\/wp-json\/wp\/v2\/types\/post"}],"author":[{"embeddable":true,"href":"https:\/\/www.locoxelrojo.com\/independiente\/wp-json\/wp\/v2\/users\/11"}],"replies":[{"embeddable":true,"href":"https:\/\/www.locoxelrojo.com\/independiente\/wp-json\/wp\/v2\/comments?post=34765"}],"version-history":[{"count":0,"href":"https:\/\/www.locoxelrojo.com\/independiente\/wp-json\/wp\/v2\/posts\/34765\/revisions"}],"wp:featuredmedia":[{"embeddable":true,"href":"https:\/\/www.locoxelrojo.com\/independiente\/wp-json\/wp\/v2\/media\/34766"}],"wp:attachment":[{"href":"https:\/\/www.locoxelrojo.com\/independiente\/wp-json\/wp\/v2\/media?parent=34765"}],"wp:term":[{"taxonomy":"category","embeddable":true,"href":"https:\/\/www.locoxelrojo.com\/independiente\/wp-json\/wp\/v2\/categories?post=34765"},{"taxonomy":"post_tag","embeddable":true,"href":"https:\/\/www.locoxelrojo.com\/independiente\/wp-json\/wp\/v2\/tags?post=34765"}],"curies":[{"name":"wp","href":"https:\/\/api.w.org\/{rel}","templated":true}]}}