{"id":34768,"date":"2013-08-01T11:40:52","date_gmt":"2013-08-01T14:40:52","guid":{"rendered":"http:\/\/www.locoxelrojo.com.ar\/independiente\/?p=34768"},"modified":"2015-10-07T22:47:31","modified_gmt":"2015-10-08T01:47:31","slug":"ivan-perez-se-va-a-prestamo-a-san-martin-de-san-juan","status":"publish","type":"post","link":"https:\/\/www.locoxelrojo.com\/independiente\/2013\/08\/01\/ivan-perez-se-va-a-prestamo-a-san-martin-de-san-juan\/","title":{"rendered":"Iv\u00e1n P\u00e9rez se va a pr\u00e9stamo a San Mart\u00edn de San Juan"},"content":{"rendered":"<p><strong>Iv\u00e1n P\u00e9rez jugar\u00e1 la pr\u00f3xima temporada en San Mart\u00edn de San Juan. El volante, quien regres\u00f3 de Banfield y se ausent\u00f3 de la pretemporada, arregl\u00f3 para jugar en el conjunto sanjuanino a pr\u00e9stamo por un a\u00f1o.<\/strong><\/p>\n<p>Caso particular el de Iv\u00e1n P\u00e9rez. La \u00faltima temporada jug\u00f3 a pr\u00e9stamo en Banfield y regres\u00f3 a Independiente sin saber cual ser\u00eda su situaci\u00f3n dentro del plantel. <strong>Miguel Brindisi le manifest\u00f3 al jugador su deseo de contar con \u00e9l, incluso el volante expres\u00f3 p\u00fablicamente su alegr\u00eda por integrar el grupo que iba a realizar la pretemporada en Salta, pero una gripe lo baj\u00f3 del avi\u00f3n.<\/strong><\/p>\n<p><strong>Con el correr de los d\u00edas, se supo la intenci\u00f3n de P\u00e9rez de regresar a Banfield y la decisi\u00f3n de no viajar a Salta.<\/strong> Finalmente, apareci\u00f3 el inter\u00e9s de San Mart\u00edn de San Juan a trav\u00e9s de Daniel Garnero, t\u00e9cnico del &#8220;Verdinegro&#8221;.<\/p>\n<p><strong>El pase ser\u00e1 a pr\u00e9stamo, por un a\u00f1o y sin opci\u00f3n de compra. A cambio, Independiente le solicit\u00f3 a San Mart\u00edn de San Juan, que se cancele las deudas que existen por Ismael Sosa y el propio Garnero.<\/strong><\/p>\n","protected":false},"excerpt":{"rendered":"<p>Iv\u00e1n P\u00e9rez jugar\u00e1 la pr\u00f3xima temporada en San Mart\u00edn de San Juan. El volante, quien regres\u00f3 de Banfield y se ausent\u00f3 de la pretemporada, arregl\u00f3 para jugar en el conjunto sanjuanino a pr\u00e9stamo por un a\u00f1o. Caso particular el de Iv\u00e1n P\u00e9rez. La \u00faltima temporada jug\u00f3 a pr\u00e9stamo en Banfield y regres\u00f3 a Independiente sin [&hellip;]<\/p>\n","protected":false},"author":1,"featured_media":34769,"comment_status":"closed","ping_status":"closed","sticky":false,"template":"","format":"standard","meta":{"_links_to":"","_links_to_target":""},"categories":[3,1],"tags":[153,187,679],"_links":{"self":[{"href":"https:\/\/www.locoxelrojo.com\/independiente\/wp-json\/wp\/v2\/posts\/34768"}],"collection":[{"href":"https:\/\/www.locoxelrojo.com\/independiente\/wp-json\/wp\/v2\/posts"}],"about":[{"href":"https:\/\/www.locoxelrojo.com\/independiente\/wp-json\/wp\/v2\/types\/post"}],"author":[{"embeddable":true,"href":"https:\/\/www.locoxelrojo.com\/independiente\/wp-json\/wp\/v2\/users\/1"}],"replies":[{"embeddable":true,"href":"https:\/\/www.locoxelrojo.com\/independiente\/wp-json\/wp\/v2\/comments?post=34768"}],"version-history":[{"count":0,"href":"https:\/\/www.locoxelrojo.com\/independiente\/wp-json\/wp\/v2\/posts\/34768\/revisions"}],"wp:featuredmedia":[{"embeddable":true,"href":"https:\/\/www.locoxelrojo.com\/independiente\/wp-json\/wp\/v2\/media\/34769"}],"wp:attachment":[{"href":"https:\/\/www.locoxelrojo.com\/independiente\/wp-json\/wp\/v2\/media?parent=34768"}],"wp:term":[{"taxonomy":"category","embeddable":true,"href":"https:\/\/www.locoxelrojo.com\/independiente\/wp-json\/wp\/v2\/categories?post=34768"},{"taxonomy":"post_tag","embeddable":true,"href":"https:\/\/www.locoxelrojo.com\/independiente\/wp-json\/wp\/v2\/tags?post=34768"}],"curies":[{"name":"wp","href":"https:\/\/api.w.org\/{rel}","templated":true}]}}