{"id":34803,"date":"2013-08-02T22:23:05","date_gmt":"2013-08-03T01:23:05","guid":{"rendered":"http:\/\/www.locoxelrojo.com.ar\/independiente\/?p=34803"},"modified":"2013-08-02T23:05:05","modified_gmt":"2013-08-03T02:05:05","slug":"cantero-manana-no-va-a-pasar-absolutamente-nada","status":"publish","type":"post","link":"https:\/\/www.locoxelrojo.com\/independiente\/2013\/08\/02\/cantero-manana-no-va-a-pasar-absolutamente-nada\/","title":{"rendered":"Cantero: &#8220;Ma\u00f1ana no va a pasar absolutamente nada&#8221;"},"content":{"rendered":"<p>A menos de 24 horas del debut de Independiente en la B Nacional,<strong> Javier Canter\u00f3 enfrent\u00f3 los micr\u00f3fonos y neg\u00f3 que pueda haber incidentes en el Libertadores de Am\u00e9rica, pese a los rumores que circularon en los \u00faltimos d\u00edas. Adem\u00e1s, habl\u00f3 sobre las inhibiciones, la \u00faltima Asamblea sin socios, los refuerzos que hay en carpeta y el nuevo cargo de Gabriel Milito en la instituci\u00f3n<\/strong><\/p>\n<p>El futuro inmediato marca el debut en la segunda divisi\u00f3n ante Brown de Adrogu\u00e9, donde se especul\u00f3 que podr\u00eda haber incidentes. Sin embargo, Cantero puso pa\u00f1os fr\u00edos: <strong>\u201cYo creo que no va a pasar absolutamente nada. &#8216;Bebote&#8217; tiene derecho de admisi\u00f3n y no puede entrar. Los que son del otro sector tampoco pueden ingresar\u201d<\/strong>. Adem\u00e1s, aclar\u00f3 que <strong>\u201cesa noticia hizo incrementar la cantidad de polic\u00edas\u201d<\/strong>, lo que significa <strong>\u201cun costo mayor para el club\u201d<\/strong>.<\/p>\n<p>En tanto, Cantero reflexion\u00f3 sobre el golpe emocional que provocar\u00e1 ver a Independiente en la B:<strong> \u201cCon las preocupaciones, no me puse a pensar en qu\u00e9 sensaci\u00f3n voy a tener ma\u00f1ana. Supongo que va a ser como la de todos los hinchas y espero que los jugadores no se contagien. Lo importante es que los resultados deportivos se den. Espero que ganemos y arranquemos. Hemos conformado un equipo al cual le tenemos mucha fe\u201d.<\/strong><\/p>\n<p>Sobre el conflicto que hubo con Futbolistas Argentinos Agremiados, que estuvo a punto de impedir el debut de los refuerzos, el mandam\u00e1s del Rojo aclar\u00f3 c\u00f3mo fueron los hechos: <strong>\u201cTen\u00edamos jugadores que nos hab\u00edan inhibido, algunos ten\u00edan raz\u00f3n en el monto, otros reclamaron de m\u00e1s. Llegamos a un acuerdo y cumplimos con lo que nos correspond\u00eda. En algunos embargos nos hab\u00edan llevado el dinero, por eso hubo algunos atrasos tambi\u00e9n\u201d<\/strong>. Asimismo, dio detalles sobre los recursos actuales para incorporar jugadores y se\u00f1al\u00f3 que <strong>\u201csalvo el caso de Pisano, los refuerzos han venido con el pase en su poder o alg\u00fan pr\u00e9stamo\u201d<\/strong>.<\/p>\n<p>En relaci\u00f3n a la \u00faltima Asamblea, Cantero lament\u00f3 haberla desarrollado sin socios. <strong>\u201cNos hubiera gustado que se haga normalmente. La seguridad nos recomend\u00f3 que lo hici\u00e9ramos sin socios y lo llevamos adelante\u201d<\/strong>, cont\u00f3 el presidente, y record\u00f3 los hechos de violencia de la primera Asamblea: <strong>\u201cNos recomendaron que no sali\u00e9ramos porque hab\u00eda un clima de violencia fuerte, pero tenemos una responsabilidad que cumplir y quer\u00edamos hacer la asamblea como correspond\u00eda m\u00e1s all\u00e1 de los gritos\u201d<\/strong>.<\/p>\n<p>El m\u00e1ximo dirigente del Rojo dijo estar \u201c<strong>muy agradecido porque hay jugadores de una trayectoria enorme se quedaron a poner el pecho\u201d<\/strong> en el Nacional B, y record\u00f3 que todav\u00eda el equipo necesita<strong> \u201cun lateral derecho\u201d<\/strong>, por el que est\u00e1n negociando. Enseguida se refiri\u00f3 a Facundo Parra, el favorito de los hinchas: <strong>\u201cFue campe\u00f3n, es querido por la gente, al t\u00e9cnico le encanta, viene de jugar en Italia y tiene ofertas de otros clubes, pero ahora tiene el pase en su poder y est\u00e1 hablando con nosotros. Ojal\u00e1 se pueda dar\u201d<\/strong>.<\/p>\n<p>Finalmente, Cantero revel\u00f3 el nuevo cargo que tendr\u00e1 Gabriel Milito en Independiente:<strong> \u201cHoy firm\u00f3 contrato junto a su cuerpo t\u00e9cnico y comienza a trabajar a partir de ma\u00f1ana en el Selectivo. Lo escuchaba hablar muy apasionadamente, como un reci\u00e9n iniciado. Le va a hacer muy bien en la instituci\u00f3n, va a ser un salto de calidad\u201d<\/strong>. En la misma l\u00ednea, sostuvo que<strong> \u201cno hay nada acordado con Marangoni\u201d<\/strong>, pero aclar\u00f3 que<strong> \u201ctener una persona con la inteligencia y capacidad de Claudio es un valor agregado importante\u201d<\/strong>.<\/p>\n","protected":false},"excerpt":{"rendered":"<p>A menos de 24 horas del debut de Independiente en la B Nacional, Javier Canter\u00f3 enfrent\u00f3 los micr\u00f3fonos y neg\u00f3 que pueda haber incidentes en el Libertadores de Am\u00e9rica, pese a los rumores que circularon en los \u00faltimos d\u00edas. Adem\u00e1s, habl\u00f3 sobre las inhibiciones, la \u00faltima Asamblea sin socios, los refuerzos que hay en carpeta [&hellip;]<\/p>\n","protected":false},"author":8,"featured_media":34804,"comment_status":"closed","ping_status":"closed","sticky":false,"template":"","format":"standard","meta":{"_links_to":"","_links_to_target":""},"categories":[3,4,1],"tags":[723],"_links":{"self":[{"href":"https:\/\/www.locoxelrojo.com\/independiente\/wp-json\/wp\/v2\/posts\/34803"}],"collection":[{"href":"https:\/\/www.locoxelrojo.com\/independiente\/wp-json\/wp\/v2\/posts"}],"about":[{"href":"https:\/\/www.locoxelrojo.com\/independiente\/wp-json\/wp\/v2\/types\/post"}],"author":[{"embeddable":true,"href":"https:\/\/www.locoxelrojo.com\/independiente\/wp-json\/wp\/v2\/users\/8"}],"replies":[{"embeddable":true,"href":"https:\/\/www.locoxelrojo.com\/independiente\/wp-json\/wp\/v2\/comments?post=34803"}],"version-history":[{"count":0,"href":"https:\/\/www.locoxelrojo.com\/independiente\/wp-json\/wp\/v2\/posts\/34803\/revisions"}],"wp:featuredmedia":[{"embeddable":true,"href":"https:\/\/www.locoxelrojo.com\/independiente\/wp-json\/wp\/v2\/media\/34804"}],"wp:attachment":[{"href":"https:\/\/www.locoxelrojo.com\/independiente\/wp-json\/wp\/v2\/media?parent=34803"}],"wp:term":[{"taxonomy":"category","embeddable":true,"href":"https:\/\/www.locoxelrojo.com\/independiente\/wp-json\/wp\/v2\/categories?post=34803"},{"taxonomy":"post_tag","embeddable":true,"href":"https:\/\/www.locoxelrojo.com\/independiente\/wp-json\/wp\/v2\/tags?post=34803"}],"curies":[{"name":"wp","href":"https:\/\/api.w.org\/{rel}","templated":true}]}}