{"id":34818,"date":"2013-08-02T22:30:42","date_gmt":"2013-08-03T01:30:42","guid":{"rendered":"http:\/\/www.locoxelrojo.com.ar\/independiente\/?p=34818"},"modified":"2015-10-07T22:50:24","modified_gmt":"2015-10-08T01:50:24","slug":"milito-firmo-por-dos-anos","status":"publish","type":"post","link":"https:\/\/www.locoxelrojo.com\/independiente\/2013\/08\/02\/milito-firmo-por-dos-anos\/","title":{"rendered":"Milito firm\u00f3 por dos a\u00f1os"},"content":{"rendered":"<p>Gabriel Milito <strong>firm\u00f3 esta tarde su contrato por dos a\u00f1os con Independiente para hacerse cargo del Selectivo. El lunes comenzar\u00e1 a ejercer en su cargo tan esperado.<\/strong><\/p>\n<p>Sue\u00f1o cumplido para muchos hinchas y dirigentes. &#8220;Gaby&#8221; estar\u00e1 al frente del Selectivo y ya es oficial: hoy estamp\u00f3 la firma que lo liga por dos a\u00f1os al club. <strong>Su Ayudante de Campo ser\u00e1 Leandro \u00c1vila, mientras que Horacio Ferrer ser\u00e1 el Preparador F\u00edsico y David Filomeno el Entrenador de Arqueros.<\/strong><\/p>\n<p>El exdefensor, querido por todo el mundo Independiente,<strong> empezar\u00e1 una nueva etapa que tiene como objetivo formarse como entrenador para poder llegar a dirigir en Primera en el futuro.<\/strong><\/p>\n","protected":false},"excerpt":{"rendered":"<p>Gabriel Milito firm\u00f3 esta tarde su contrato por dos a\u00f1os con Independiente para hacerse cargo del Selectivo. El lunes comenzar\u00e1 a ejercer en su cargo tan esperado. Sue\u00f1o cumplido para muchos hinchas y dirigentes. &#8220;Gaby&#8221; estar\u00e1 al frente del Selectivo y ya es oficial: hoy estamp\u00f3 la firma que lo liga por dos a\u00f1os al [&hellip;]<\/p>\n","protected":false},"author":11,"featured_media":34819,"comment_status":"closed","ping_status":"closed","sticky":false,"template":"","format":"standard","meta":{"_links_to":"","_links_to_target":""},"categories":[3,1],"tags":[153,42,3279],"_links":{"self":[{"href":"https:\/\/www.locoxelrojo.com\/independiente\/wp-json\/wp\/v2\/posts\/34818"}],"collection":[{"href":"https:\/\/www.locoxelrojo.com\/independiente\/wp-json\/wp\/v2\/posts"}],"about":[{"href":"https:\/\/www.locoxelrojo.com\/independiente\/wp-json\/wp\/v2\/types\/post"}],"author":[{"embeddable":true,"href":"https:\/\/www.locoxelrojo.com\/independiente\/wp-json\/wp\/v2\/users\/11"}],"replies":[{"embeddable":true,"href":"https:\/\/www.locoxelrojo.com\/independiente\/wp-json\/wp\/v2\/comments?post=34818"}],"version-history":[{"count":0,"href":"https:\/\/www.locoxelrojo.com\/independiente\/wp-json\/wp\/v2\/posts\/34818\/revisions"}],"wp:featuredmedia":[{"embeddable":true,"href":"https:\/\/www.locoxelrojo.com\/independiente\/wp-json\/wp\/v2\/media\/34819"}],"wp:attachment":[{"href":"https:\/\/www.locoxelrojo.com\/independiente\/wp-json\/wp\/v2\/media?parent=34818"}],"wp:term":[{"taxonomy":"category","embeddable":true,"href":"https:\/\/www.locoxelrojo.com\/independiente\/wp-json\/wp\/v2\/categories?post=34818"},{"taxonomy":"post_tag","embeddable":true,"href":"https:\/\/www.locoxelrojo.com\/independiente\/wp-json\/wp\/v2\/tags?post=34818"}],"curies":[{"name":"wp","href":"https:\/\/api.w.org\/{rel}","templated":true}]}}