{"id":34846,"date":"2013-08-03T21:46:20","date_gmt":"2013-08-04T00:46:20","guid":{"rendered":"http:\/\/www.locoxelrojo.com.ar\/independiente\/?p=34846"},"modified":"2015-10-07T22:59:33","modified_gmt":"2015-10-08T01:59:33","slug":"fabro-cumplio-con-la-ley-del-ex","status":"publish","type":"post","link":"https:\/\/www.locoxelrojo.com\/independiente\/2013\/08\/03\/fabro-cumplio-con-la-ley-del-ex\/","title":{"rendered":"Fabro cumpli\u00f3 con la ley del ex"},"content":{"rendered":"<p><strong>Mart\u00edn Fabro le dio a Independiente la peor bienvenida a la B Nacional.<\/strong> El volante de Brown de Adrogu\u00e9, con pasado en el Rojo, <strong>abri\u00f3 el marcador en el Libertadores de Am\u00e9rica y fue el dolor de cabeza de toda la defensa.<\/strong> Tambi\u00e9n estuvo unos minutos en cancha Jerem\u00edas Caggiano.<\/p>\n<p><strong>Pasado el primer cuarto de hora, Fabro amarg\u00f3 a Independiente con su gol en el arco de la Popular Sur.<\/strong> Tras una mala salida de la defensa, Mat\u00edas Sproat lo dej\u00f3 cara a cara con Fabi\u00e1n Assmann, y el \u201c10\u201d de Brown no perdon\u00f3: <strong>puso el 1-0 con un zurdazo bajo y cruzado, ayudado por la floja respuesta del arquero<\/strong>.<\/p>\n<p>Antes del partido, Fabro le hab\u00eda dicho al Diario Clar\u00edn que no gritar\u00eda el gol si le tocaba convertir. Y as\u00ed fue. <strong>Despu\u00e9s de marcar, le pidi\u00f3 perd\u00f3n a los hinchas de Independiente y se abraz\u00f3 junto a sus compa\u00f1eros.<\/strong><\/p>\n<p><strong>\u201cEstuve 13 a\u00f1os en el club y ser\u00eda un desagradecido si gritara el gol. Independiente es el m\u00e1s grande, se va a levantar, est\u00e1 de paso en la categor\u00eda\u201d<\/strong>, manifest\u00f3 el jugador despu\u00e9s del partido. Sus intenciones fueron las mismas que las de <strong>Jerem\u00edas Caggiano<\/strong>, otro jugador surgido en las inferiores del Rojo,<strong> quien jug\u00f3 pocos minutos y tambi\u00e9n hab\u00eda dicho que no festejar\u00eda en la cara de los hinchas<\/strong>.<\/p>\n","protected":false},"excerpt":{"rendered":"<p>Mart\u00edn Fabro le dio a Independiente la peor bienvenida a la B Nacional. El volante de Brown de Adrogu\u00e9, con pasado en el Rojo, abri\u00f3 el marcador en el Libertadores de Am\u00e9rica y fue el dolor de cabeza de toda la defensa. Tambi\u00e9n estuvo unos minutos en cancha Jerem\u00edas Caggiano. Pasado el primer cuarto de [&hellip;]<\/p>\n","protected":false},"author":8,"featured_media":34852,"comment_status":"closed","ping_status":"closed","sticky":false,"template":"","format":"standard","meta":{"_links_to":"","_links_to_target":""},"categories":[3,1],"tags":[2227,2254,153,2090],"_links":{"self":[{"href":"https:\/\/www.locoxelrojo.com\/independiente\/wp-json\/wp\/v2\/posts\/34846"}],"collection":[{"href":"https:\/\/www.locoxelrojo.com\/independiente\/wp-json\/wp\/v2\/posts"}],"about":[{"href":"https:\/\/www.locoxelrojo.com\/independiente\/wp-json\/wp\/v2\/types\/post"}],"author":[{"embeddable":true,"href":"https:\/\/www.locoxelrojo.com\/independiente\/wp-json\/wp\/v2\/users\/8"}],"replies":[{"embeddable":true,"href":"https:\/\/www.locoxelrojo.com\/independiente\/wp-json\/wp\/v2\/comments?post=34846"}],"version-history":[{"count":0,"href":"https:\/\/www.locoxelrojo.com\/independiente\/wp-json\/wp\/v2\/posts\/34846\/revisions"}],"wp:featuredmedia":[{"embeddable":true,"href":"https:\/\/www.locoxelrojo.com\/independiente\/wp-json\/wp\/v2\/media\/34852"}],"wp:attachment":[{"href":"https:\/\/www.locoxelrojo.com\/independiente\/wp-json\/wp\/v2\/media?parent=34846"}],"wp:term":[{"taxonomy":"category","embeddable":true,"href":"https:\/\/www.locoxelrojo.com\/independiente\/wp-json\/wp\/v2\/categories?post=34846"},{"taxonomy":"post_tag","embeddable":true,"href":"https:\/\/www.locoxelrojo.com\/independiente\/wp-json\/wp\/v2\/tags?post=34846"}],"curies":[{"name":"wp","href":"https:\/\/api.w.org\/{rel}","templated":true}]}}