{"id":34971,"date":"2013-08-07T16:20:29","date_gmt":"2013-08-07T19:20:29","guid":{"rendered":"http:\/\/www.locoxelrojo.com.ar\/independiente\/?p=34971"},"modified":"2013-08-07T16:20:29","modified_gmt":"2013-08-07T19:20:29","slug":"menendez-no-le-encontramos-la-vuelta-al-rival","status":"publish","type":"post","link":"https:\/\/www.locoxelrojo.com\/independiente\/2013\/08\/07\/menendez-no-le-encontramos-la-vuelta-al-rival\/","title":{"rendered":"Men\u00e9ndez: \u201cNo le encontramos la vuelta al rival\u201d"},"content":{"rendered":"<p><strong>Cristian Men\u00e9ndez dialog\u00f3 con la prensa luego del entrenamiento y dej\u00f3 su opini\u00f3n sobre el mal debut del \u201cRojo\u201d en la B Nacional. \u201cNo hicimos nada de lo que ven\u00edamos trabajando. No le encontramos la vuelta al rival\u201d, explic\u00f3. Tambi\u00e9n hizo una autocr\u00edtica en cuanto a su rendimiento y habl\u00f3 sobre la llegada de Facundo Parra.<\/strong><\/p>\n<p><strong>\u201cNos sorprendieron. Cuando no pudimos plasmar lo que ven\u00edamos haciendo en los amistosos y en las pr\u00e1cticas, nos desorientamos, cambiamos la forma de jugar. No hicimos nada de lo que ven\u00edamos trabajando y eso hizo que no nos sintamos c\u00f3modos, no le encontremos la vuelta al rival y terminemos perdiendo el partido\u201d<\/strong>, reconoci\u00f3 uno de los refuerzos. <strong>\u201cQue nos hayan marcado de entrada hizo que todo se nos haga m\u00e1s dif\u00edcil. La gente se impacient\u00f3 y nosotros tambi\u00e9n nos pusimos nerviosos. Puede ser que ahora jugar de visitante nos venga bien para estar m\u00e1s tranquilos\u201d<\/strong>, a\u00f1adi\u00f3.<\/p>\n<p>Por otro lado, \tconsider\u00f3 que el trabajo, tanto individual como grupal, no fue el esperado. <strong>\u201cNo me fui conforme con mi rendimiento. Quiz\u00e1s excedimos de las pelotas por arriba. El trabajo de los delanteros es aguantar y creo que no lo hicimos bien. Ni en lo colectivo, ni en lo individual\u201d<\/strong>, admiti\u00f3.<\/p>\n<p>Por \u00faltimo, coment\u00f3 que es muy positiva la llegada de Facundo Parra al plantel. <strong>\u201cNos va a servir mucho. Son muchos partidos, necesitamos recambio, necesitamos variantes y est\u00e1 bueno que se genere esta competencia para que ninguno de nosotros se relaje y estemos siempre de la mejor manera\u201d<\/strong>, concluy\u00f3.<\/p>\n","protected":false},"excerpt":{"rendered":"<p>Cristian Men\u00e9ndez dialog\u00f3 con la prensa luego del entrenamiento y dej\u00f3 su opini\u00f3n sobre el mal debut del \u201cRojo\u201d en la B Nacional. \u201cNo hicimos nada de lo que ven\u00edamos trabajando. No le encontramos la vuelta al rival\u201d, explic\u00f3. Tambi\u00e9n hizo una autocr\u00edtica en cuanto a su rendimiento y habl\u00f3 sobre la llegada de Facundo [&hellip;]<\/p>\n","protected":false},"author":16,"featured_media":34972,"comment_status":"closed","ping_status":"closed","sticky":false,"template":"","format":"standard","meta":{"_links_to":"","_links_to_target":""},"categories":[3,1],"tags":[2236],"_links":{"self":[{"href":"https:\/\/www.locoxelrojo.com\/independiente\/wp-json\/wp\/v2\/posts\/34971"}],"collection":[{"href":"https:\/\/www.locoxelrojo.com\/independiente\/wp-json\/wp\/v2\/posts"}],"about":[{"href":"https:\/\/www.locoxelrojo.com\/independiente\/wp-json\/wp\/v2\/types\/post"}],"author":[{"embeddable":true,"href":"https:\/\/www.locoxelrojo.com\/independiente\/wp-json\/wp\/v2\/users\/16"}],"replies":[{"embeddable":true,"href":"https:\/\/www.locoxelrojo.com\/independiente\/wp-json\/wp\/v2\/comments?post=34971"}],"version-history":[{"count":0,"href":"https:\/\/www.locoxelrojo.com\/independiente\/wp-json\/wp\/v2\/posts\/34971\/revisions"}],"wp:featuredmedia":[{"embeddable":true,"href":"https:\/\/www.locoxelrojo.com\/independiente\/wp-json\/wp\/v2\/media\/34972"}],"wp:attachment":[{"href":"https:\/\/www.locoxelrojo.com\/independiente\/wp-json\/wp\/v2\/media?parent=34971"}],"wp:term":[{"taxonomy":"category","embeddable":true,"href":"https:\/\/www.locoxelrojo.com\/independiente\/wp-json\/wp\/v2\/categories?post=34971"},{"taxonomy":"post_tag","embeddable":true,"href":"https:\/\/www.locoxelrojo.com\/independiente\/wp-json\/wp\/v2\/tags?post=34971"}],"curies":[{"name":"wp","href":"https:\/\/api.w.org\/{rel}","templated":true}]}}