{"id":34984,"date":"2013-08-07T18:15:18","date_gmt":"2013-08-07T21:15:18","guid":{"rendered":"http:\/\/www.locoxelrojo.com.ar\/independiente\/?p=34984"},"modified":"2013-08-07T18:15:18","modified_gmt":"2013-08-07T21:15:18","slug":"parra-el-llamado-de-miguel-fue-importante","status":"publish","type":"post","link":"https:\/\/www.locoxelrojo.com\/independiente\/2013\/08\/07\/parra-el-llamado-de-miguel-fue-importante\/","title":{"rendered":"Parra: \u201cEl llamado de Miguel fue importante\u201d"},"content":{"rendered":"<p><strong>Facundo Parra dialog\u00f3 con la prensa luego de haber entrenado por primera vez desde su retorn\u00f3 y afirm\u00f3 que sus ganas de volver al club junto con la llamada del Miguel Brinidis fueron determinantes. \u201cEl llamado de Miguel fue importante\u201d, admiti\u00f3. Adem\u00e1s, cont\u00f3 que si el cuerpo t\u00e9cnico lo decide, est\u00e1 para jugar algunos minutos.<\/strong><\/p>\n<p><strong>\u201cQuer\u00eda volver al club. Cuando me llamaron tuve la mejor predisposici\u00f3n, siempre quise venir a dar una mano. Adem\u00e1s, el llamado de Miguel (Brindisi) fue importante\u201d<\/strong>, reconoci\u00f3 el delantero campe\u00f3n de la Sudamericana 2010. <strong>\u201cEntiendo lo que es el presente del club, que es una parada brava y lo que significa venir. En lo personal tambi\u00e9n es un desaf\u00edo enorme, pero si no me gustara, no estar\u00eda ac\u00e1\u201d<\/strong>, a\u00f1adi\u00f3.<\/p>\n<p>Por otra parte, asegur\u00f3 que si el cuerpo t\u00e9cnico lo desea, puede jugar algunos minutos. <strong>\u201cEs una cuesti\u00f3n del cuerpo t\u00e9cnico. Jam\u00e1s voy a decir que no, ya sea para viajar con el plantel o tener algunos minutos en el final del partido\u201d<\/strong>, asever\u00f3.<\/p>\n<p><strong>\u201cVenimos de un mal debut , pero hay que dar vuelta la hoja, sabiendo que es una categor\u00eda complicada y que todos nos van a quere ganar. Independiente no dej\u00f3 de ser uno de los m\u00e1s grandes de la Argentina y todos van a hacer cola para ganarle. Eso juega en contra, y hay que redoblar todo tipo de esfuerzos\u201d<\/strong>, expres\u00f3.<\/p>\n<p>Por \u00faltimo, al ser consultado por su conocimiento en la categor\u00eda, concluy\u00f3: <strong>\u201cYo nac\u00ed en esta categor\u00eda. Jugu\u00e9 cuatro a\u00f1os y m\u00e1s all\u00e1 de que los tiempos cambiaron, la conozco. Se mejor\u00f3 muchis\u00edmo y se emparej\u00f3 con el de Primera\u201d<\/strong>.<\/p>\n","protected":false},"excerpt":{"rendered":"<p>Facundo Parra dialog\u00f3 con la prensa luego de haber entrenado por primera vez desde su retorn\u00f3 y afirm\u00f3 que sus ganas de volver al club junto con la llamada del Miguel Brinidis fueron determinantes. \u201cEl llamado de Miguel fue importante\u201d, admiti\u00f3. Adem\u00e1s, cont\u00f3 que si el cuerpo t\u00e9cnico lo decide, est\u00e1 para jugar algunos minutos. [&hellip;]<\/p>\n","protected":false},"author":16,"featured_media":34985,"comment_status":"closed","ping_status":"closed","sticky":false,"template":"","format":"standard","meta":{"_links_to":"","_links_to_target":""},"categories":[3,1],"tags":[36],"_links":{"self":[{"href":"https:\/\/www.locoxelrojo.com\/independiente\/wp-json\/wp\/v2\/posts\/34984"}],"collection":[{"href":"https:\/\/www.locoxelrojo.com\/independiente\/wp-json\/wp\/v2\/posts"}],"about":[{"href":"https:\/\/www.locoxelrojo.com\/independiente\/wp-json\/wp\/v2\/types\/post"}],"author":[{"embeddable":true,"href":"https:\/\/www.locoxelrojo.com\/independiente\/wp-json\/wp\/v2\/users\/16"}],"replies":[{"embeddable":true,"href":"https:\/\/www.locoxelrojo.com\/independiente\/wp-json\/wp\/v2\/comments?post=34984"}],"version-history":[{"count":0,"href":"https:\/\/www.locoxelrojo.com\/independiente\/wp-json\/wp\/v2\/posts\/34984\/revisions"}],"wp:featuredmedia":[{"embeddable":true,"href":"https:\/\/www.locoxelrojo.com\/independiente\/wp-json\/wp\/v2\/media\/34985"}],"wp:attachment":[{"href":"https:\/\/www.locoxelrojo.com\/independiente\/wp-json\/wp\/v2\/media?parent=34984"}],"wp:term":[{"taxonomy":"category","embeddable":true,"href":"https:\/\/www.locoxelrojo.com\/independiente\/wp-json\/wp\/v2\/categories?post=34984"},{"taxonomy":"post_tag","embeddable":true,"href":"https:\/\/www.locoxelrojo.com\/independiente\/wp-json\/wp\/v2\/tags?post=34984"}],"curies":[{"name":"wp","href":"https:\/\/api.w.org\/{rel}","templated":true}]}}