{"id":35070,"date":"2013-08-12T15:18:44","date_gmt":"2013-08-12T18:18:44","guid":{"rendered":"http:\/\/www.locoxelrojo.com.ar\/independiente\/?p=35070"},"modified":"2013-08-12T15:21:32","modified_gmt":"2013-08-12T18:21:32","slug":"equipo-confirmado-4","status":"publish","type":"post","link":"https:\/\/www.locoxelrojo.com\/independiente\/2013\/08\/12\/equipo-confirmado-4\/","title":{"rendered":"Equipo confirmado"},"content":{"rendered":"<p>El plantel de Independiente se entren\u00f3 esta ma\u00f1ana en Villa Dom\u00ednico y<strong> Miguel Brindisi ya tiene los 11 definidos para visitar a Boca Unidos el mi\u00e9rcoles. Hubo trabajos de pelota parada y en espacios reducidos.<\/strong><\/p>\n<p><strong>Faltan dos d\u00edas para el choque de la segunda fecha y es imperioso conseguir los tres puntos tras la bochornosa derrota ante Brown de Adrogu\u00e9 en el debut.<\/strong> Por eso, el entrenador, que dispuso de trabajos con pelota parada y f\u00fatbol reducido, ya defini\u00f3 a los titulares.<\/p>\n<p>Brindisi parar\u00e1 un 4-4-2 con: <strong>Fabi\u00e1n Assmann; Gabriel Vall\u00e9s, Cristian Tula, Claudio Morel Rodr\u00edguez, Lucas Villalba; Daniel Montenegro, Reinaldo Alderete, Franco Razzotti, Federico Mancuello; Francisco Pizzini y Cristian Men\u00e9ndez.<\/strong><\/p>\n<p>Los jugadores <strong>viajar\u00e1n ma\u00f1ana a las 13:55h a Corrientes y luego entrenar\u00e1n all\u00e1 por la tarde de cara al encuentro del mi\u00e9rcoles a las 21:30h.<\/strong><\/p>\n","protected":false},"excerpt":{"rendered":"<p>El plantel de Independiente se entren\u00f3 esta ma\u00f1ana en Villa Dom\u00ednico y Miguel Brindisi ya tiene los 11 definidos para visitar a Boca Unidos el mi\u00e9rcoles. Hubo trabajos de pelota parada y en espacios reducidos. Faltan dos d\u00edas para el choque de la segunda fecha y es imperioso conseguir los tres puntos tras la bochornosa [&hellip;]<\/p>\n","protected":false},"author":11,"featured_media":35071,"comment_status":"closed","ping_status":"closed","sticky":false,"template":"","format":"standard","meta":{"_links_to":"","_links_to_target":""},"categories":[3,1],"tags":[1817,351,834,485,172],"_links":{"self":[{"href":"https:\/\/www.locoxelrojo.com\/independiente\/wp-json\/wp\/v2\/posts\/35070"}],"collection":[{"href":"https:\/\/www.locoxelrojo.com\/independiente\/wp-json\/wp\/v2\/posts"}],"about":[{"href":"https:\/\/www.locoxelrojo.com\/independiente\/wp-json\/wp\/v2\/types\/post"}],"author":[{"embeddable":true,"href":"https:\/\/www.locoxelrojo.com\/independiente\/wp-json\/wp\/v2\/users\/11"}],"replies":[{"embeddable":true,"href":"https:\/\/www.locoxelrojo.com\/independiente\/wp-json\/wp\/v2\/comments?post=35070"}],"version-history":[{"count":0,"href":"https:\/\/www.locoxelrojo.com\/independiente\/wp-json\/wp\/v2\/posts\/35070\/revisions"}],"wp:featuredmedia":[{"embeddable":true,"href":"https:\/\/www.locoxelrojo.com\/independiente\/wp-json\/wp\/v2\/media\/35071"}],"wp:attachment":[{"href":"https:\/\/www.locoxelrojo.com\/independiente\/wp-json\/wp\/v2\/media?parent=35070"}],"wp:term":[{"taxonomy":"category","embeddable":true,"href":"https:\/\/www.locoxelrojo.com\/independiente\/wp-json\/wp\/v2\/categories?post=35070"},{"taxonomy":"post_tag","embeddable":true,"href":"https:\/\/www.locoxelrojo.com\/independiente\/wp-json\/wp\/v2\/tags?post=35070"}],"curies":[{"name":"wp","href":"https:\/\/api.w.org\/{rel}","templated":true}]}}