{"id":35317,"date":"2013-08-17T22:32:10","date_gmt":"2013-08-18T01:32:10","guid":{"rendered":"http:\/\/www.locoxelrojo.com.ar\/independiente\/?p=35317"},"modified":"2015-10-07T23:30:57","modified_gmt":"2015-10-08T02:30:57","slug":"los-goles-del-partido-vs-aldosivi","status":"publish","type":"post","link":"https:\/\/www.locoxelrojo.com\/independiente\/2013\/08\/17\/los-goles-del-partido-vs-aldosivi\/","title":{"rendered":"Goles del partido vs. Aldosivi"},"content":{"rendered":"<p><strong>Federico Mancuello convirti\u00f3 el primer gol de la tarde tras una buena jugada colectiva con Daniel Montenegro y la cortina de Cristian Men\u00e9ndez. El volante zurdo marc\u00f3 a los 7 minutos de primer tiempo e hizo gritar a todo el Libertadores de Am\u00e9rica. A los 16&#8242;, tras un penal a Cristian Men\u00e9ndez, Montenegro tom\u00f3 la pelota y lo cambi\u00f3 por gol para poner el 2 a 0, que finalmente no alcanz\u00f3.<\/strong><\/p>\n<p>Incre\u00edblemente, Independiente volvi\u00f3 a desperdiciar una nueva chance para sumar de a tres. <strong>Empat\u00f3 2 a 2 con Aldosivi en el Libertadores de Am\u00e9rica y tiene apenas dos puntos sobre nueve en juego.<\/strong><\/p>\n<p><strong>A continuaci\u00f3n los goles del partido:<\/strong><\/p>\n<p><object width=\"590\" height=\"315\" classid=\"clsid:d27cdb6e-ae6d-11cf-96b8-444553540000\" codebase=\"http:\/\/download.macromedia.com\/pub\/shockwave\/cabs\/flash\/swflash.cab#version=6,0,40,0\"><param name=\"allowFullScreen\" value=\"true\" \/><param name=\"allowscriptaccess\" value=\"always\" \/><param name=\"src\" value=\"\/\/www.youtube.com\/v\/rJkU-uGldvY?hl=es_MX&amp;version=3\" \/><param name=\"allowfullscreen\" value=\"true\" \/><embed width=\"590\" height=\"315\" type=\"application\/x-shockwave-flash\" src=\"\/\/www.youtube.com\/v\/rJkU-uGldvY?hl=es_MX&amp;version=3\" allowFullScreen=\"true\" allowscriptaccess=\"always\" allowfullscreen=\"true\" \/><\/object><\/p>\n","protected":false},"excerpt":{"rendered":"<p>Federico Mancuello convirti\u00f3 el primer gol de la tarde tras una buena jugada colectiva con Daniel Montenegro y la cortina de Cristian Men\u00e9ndez. El volante zurdo marc\u00f3 a los 7 minutos de primer tiempo e hizo gritar a todo el Libertadores de Am\u00e9rica. A los 16&#8242;, tras un penal a Cristian Men\u00e9ndez, Montenegro tom\u00f3 la [&hellip;]<\/p>\n","protected":false},"author":11,"featured_media":35334,"comment_status":"closed","ping_status":"closed","sticky":false,"template":"","format":"standard","meta":{"_links_to":"","_links_to_target":""},"categories":[3,1],"tags":[516,2227,153,1859,48,2427],"_links":{"self":[{"href":"https:\/\/www.locoxelrojo.com\/independiente\/wp-json\/wp\/v2\/posts\/35317"}],"collection":[{"href":"https:\/\/www.locoxelrojo.com\/independiente\/wp-json\/wp\/v2\/posts"}],"about":[{"href":"https:\/\/www.locoxelrojo.com\/independiente\/wp-json\/wp\/v2\/types\/post"}],"author":[{"embeddable":true,"href":"https:\/\/www.locoxelrojo.com\/independiente\/wp-json\/wp\/v2\/users\/11"}],"replies":[{"embeddable":true,"href":"https:\/\/www.locoxelrojo.com\/independiente\/wp-json\/wp\/v2\/comments?post=35317"}],"version-history":[{"count":0,"href":"https:\/\/www.locoxelrojo.com\/independiente\/wp-json\/wp\/v2\/posts\/35317\/revisions"}],"wp:featuredmedia":[{"embeddable":true,"href":"https:\/\/www.locoxelrojo.com\/independiente\/wp-json\/wp\/v2\/media\/35334"}],"wp:attachment":[{"href":"https:\/\/www.locoxelrojo.com\/independiente\/wp-json\/wp\/v2\/media?parent=35317"}],"wp:term":[{"taxonomy":"category","embeddable":true,"href":"https:\/\/www.locoxelrojo.com\/independiente\/wp-json\/wp\/v2\/categories?post=35317"},{"taxonomy":"post_tag","embeddable":true,"href":"https:\/\/www.locoxelrojo.com\/independiente\/wp-json\/wp\/v2\/tags?post=35317"}],"curies":[{"name":"wp","href":"https:\/\/api.w.org\/{rel}","templated":true}]}}