{"id":35385,"date":"2013-08-18T21:56:32","date_gmt":"2013-08-19T00:56:32","guid":{"rendered":"http:\/\/www.locoxelrojo.com.ar\/independiente\/?p=35385"},"modified":"2015-10-07T23:31:32","modified_gmt":"2015-10-08T02:31:32","slug":"preguntas-sin-respuestas-columna-de-opinion","status":"publish","type":"post","link":"https:\/\/www.locoxelrojo.com\/independiente\/2013\/08\/18\/preguntas-sin-respuestas-columna-de-opinion\/","title":{"rendered":"Preguntas sin respuestas (Columna de opini\u00f3n)"},"content":{"rendered":"<p>Independiente vive el peor momento de su historia, no es novedad. Para muchos, el descenso era el fondo del abismo al que cay\u00f3 el club. <strong>Se equivocaron. Siempre se puede estar peor. El &#8220;Rojo&#8221; arranc\u00f3 en la B Nacional de la peor manera. Sac\u00f3 2 puntos de 9 en las primeras tres fechas con rivales muy flojos y no da se\u00f1ales de mejorar.<\/strong> Hay bajos rendimientos de los jugadores y errores importantes de Miguel \u00c1ngel Brindisi, <strong>pero los m\u00e1ximos responsables son los que llevan las riendas del club, los dirigentes.<\/strong><\/p>\n<p>Cientos de preguntas sobrevuelan al presente de Independiente y la mayor\u00eda no tienen respuesta. <strong>\u00bfQu\u00e9 cambios se hicieron para no volver a repetir los errores del descenso a la B Nacional? \u00bfPor qu\u00e9 los mismos que armaron el plantel de junio 2012 se sentaron a negociar para armar el de esta temporada? \u00bfPor qu\u00e9 no hay autocr\u00edtica real y se dan &#8220;conferencias de prensa&#8221; para dar &#8220;explicaciones del descenso&#8221; que no lanzan ninguna respuesta clara? \u00bfLa dirigencia aprendi\u00f3 algo despu\u00e9s de bajar de categor\u00eda?<\/strong><\/p>\n<p><strong>\u00bfPor qu\u00e9 Armando Fell\u00edn renunci\u00f3 despu\u00e9s de incidir nuevamente en el mercado de pases? \u00bfPor qu\u00e9 se busca traer a Claudio Marangoni con el mercado de invierno terminado? \u00bfPor qu\u00e9 la dirigencia otra vez dej\u00f3 a Miguel Brindisi al mando de la pretemporada cuando hab\u00eda un solo dirigente que lo quer\u00eda? \u00bfPor qu\u00e9 niegan los sondeos a Omar De Felippe, Jos\u00e9 Romero y Dami\u00e1n Monz\u00f3n? \u00bfPor qu\u00e9 no paran de aparecer las renuncias en la Comisi\u00f3n Directiva? <\/strong><\/p>\n<p><strong>\u00bfPor qu\u00e9 no se cumplieron decenas de promesas que se hicieron en la campa\u00f1a electoral? \u00bfPor qu\u00e9 se hacen incorporaciones como la de Carlos Henneberg -tan criticadas en la era nefasta de Comparada- para la llegada de Cristian Men\u00e9ndez? \u00bfPor qu\u00e9 se aprob\u00f3 un presupuesto que incluyen ventas por 35 millones de pesos, cuando hubo una sola venta -Patricio Rodr\u00edguez- sobre 64 jugadores que se fueron en un a\u00f1o y medio?<\/strong><\/p>\n<p>Son s\u00f3lo algunos de los tantos interrogantes que tiene el hincha en el d\u00eda a d\u00eda. <strong>\u00bfCu\u00e1l va a ser el l\u00edmite para que los referentes de la Comisi\u00f3n Directiva hagan autocr\u00edtica en acciones y no en palabras vac\u00edas, y dejen de creer que el camino que llevan es el correcto?<\/strong> La historia del &#8220;falta mucho&#8221; ya se vivi\u00f3 hace muy poco tiempo y termin\u00f3 con el descenso de Independiente. Las campa\u00f1as de &#8220;las 38 finales&#8221; ya quedaron atr\u00e1s. Nada cambi\u00f3 e Independiente est\u00e1 en un pozo ciego, parece nunca tocar fondo.\u00a0<strong>Para un club de semejante historia y grandeza, el ascenso en un a\u00f1o es una obligaci\u00f3n. Que no se repita.<\/strong><\/p>\n<p>&nbsp;<\/p>\n","protected":false},"excerpt":{"rendered":"<p>Independiente vive el peor momento de su historia, no es novedad. Para muchos, el descenso era el fondo del abismo al que cay\u00f3 el club. Se equivocaron. Siempre se puede estar peor. El &#8220;Rojo&#8221; arranc\u00f3 en la B Nacional de la peor manera. Sac\u00f3 2 puntos de 9 en las primeras tres fechas con rivales [&hellip;]<\/p>\n","protected":false},"author":11,"featured_media":35387,"comment_status":"closed","ping_status":"closed","sticky":false,"template":"","format":"standard","meta":{"_links_to":"","_links_to_target":""},"categories":[3,1],"tags":[2330,153,971],"_links":{"self":[{"href":"https:\/\/www.locoxelrojo.com\/independiente\/wp-json\/wp\/v2\/posts\/35385"}],"collection":[{"href":"https:\/\/www.locoxelrojo.com\/independiente\/wp-json\/wp\/v2\/posts"}],"about":[{"href":"https:\/\/www.locoxelrojo.com\/independiente\/wp-json\/wp\/v2\/types\/post"}],"author":[{"embeddable":true,"href":"https:\/\/www.locoxelrojo.com\/independiente\/wp-json\/wp\/v2\/users\/11"}],"replies":[{"embeddable":true,"href":"https:\/\/www.locoxelrojo.com\/independiente\/wp-json\/wp\/v2\/comments?post=35385"}],"version-history":[{"count":0,"href":"https:\/\/www.locoxelrojo.com\/independiente\/wp-json\/wp\/v2\/posts\/35385\/revisions"}],"wp:featuredmedia":[{"embeddable":true,"href":"https:\/\/www.locoxelrojo.com\/independiente\/wp-json\/wp\/v2\/media\/35387"}],"wp:attachment":[{"href":"https:\/\/www.locoxelrojo.com\/independiente\/wp-json\/wp\/v2\/media?parent=35385"}],"wp:term":[{"taxonomy":"category","embeddable":true,"href":"https:\/\/www.locoxelrojo.com\/independiente\/wp-json\/wp\/v2\/categories?post=35385"},{"taxonomy":"post_tag","embeddable":true,"href":"https:\/\/www.locoxelrojo.com\/independiente\/wp-json\/wp\/v2\/tags?post=35385"}],"curies":[{"name":"wp","href":"https:\/\/api.w.org\/{rel}","templated":true}]}}