{"id":35395,"date":"2013-08-19T07:29:47","date_gmt":"2013-08-19T10:29:47","guid":{"rendered":"http:\/\/www.locoxelrojo.com.ar\/independiente\/?p=35395"},"modified":"2013-08-19T07:29:47","modified_gmt":"2013-08-19T10:29:47","slug":"javier-pastoriza-por-colgar-la-bandera-de-mi-padre-me-pusieron-derecho-de-admision","status":"publish","type":"post","link":"https:\/\/www.locoxelrojo.com\/independiente\/2013\/08\/19\/javier-pastoriza-por-colgar-la-bandera-de-mi-padre-me-pusieron-derecho-de-admision\/","title":{"rendered":"Javier Pastoriza: &#8220;Por colgar la bandera de mi padre me pusieron derecho de admisi\u00f3n&#8221;"},"content":{"rendered":"<p><strong>Javier Pastoriza, hijo de una de las m\u00e1ximas glorias del Club Atl\u00e9tico Independiente, cont\u00f3 que la actual Comisi\u00f3n Directiva le aplic\u00f3 ins\u00f3litamente el derecho de admisi\u00f3n y no puede concurrir al estadio.<\/strong><\/p>\n<p><strong>&#8220;Fui a la sede el viernes y ah\u00ed me entero que me pusieron el derecho de admisi\u00f3n. Lo plantearon en Comisi\u00f3n Directiva&#8221;<\/strong>, dijo anoche en Independiente de Am\u00e9rica. <strong>&#8220;Por colgar la bandera de mi padre me pusieron derecho de admisi\u00f3n. Nos mandaron a la B. Como si no tuvi\u00e9ramos cosas importantes que se preocupan por esto&#8221;<\/strong>, lament\u00f3.<\/p>\n<p><strong>&#8220;No fui a la cancha para no ponerme en el lugar que ellos me quieren poner. No son gente de f\u00fatbol. Son incapaces. Nunca milit\u00e9 pol\u00edticamente en el club. No entiendo por qu\u00e9 esa decisi\u00f3n&#8221;<\/strong>, explic\u00f3 el hijo del ex jugador y entrenador del &#8220;Rojo&#8221;, quien es due\u00f1o de la habitual bandera que se luce en uno de los rincones del Libertadores de Am\u00e9rica con la imagen de su padre.<\/p>\n<p><strong>&#8220;La bandera no tiene nada raro, dice &#8216;los estamos mirando&#8217;. Que se den cuenta que tambi\u00e9n los estamos mirando a los dirigentes. Estos in\u00fatiles fueron capaces de mandarnos a la B&#8221;<\/strong>, dispar\u00f3 con bronca. <strong>&#8220;Me mandaron una carta documento a una direcci\u00f3n equivocada, ni para eso sirven. Pedro Larralde no quiso firmar el derecho de admisi\u00f3n, Javier Cantero tampoco, no se quien lo hizo. Si el presidente hubiera querido en Comisi\u00f3n Directiva no se planteaba esta pavada&#8221;<\/strong>, agreg\u00f3.<\/p>\n<p><strong>&#8220;Me usaron pol\u00edticamente, hasta donde les fui \u00fatil. Ahora, como no les sirvo m\u00e1s, me ponen el derecho de admisi\u00f3n y me tratan como si fuera un delincuente&#8221;<\/strong>, expres\u00f3.<\/p>\n<p>Para finalizar, dej\u00f3 en claro su enojo y le reclam\u00f3 a los hinchas que pidan pac\u00edficamente las elecciones anticipadas: <strong>&#8220;No hay que ejercer la violencia. Hay que juntar firmas para que haya elecciones anticipadas. Esta gente no debe estar m\u00e1s&#8221;<\/strong>. <\/p>\n","protected":false},"excerpt":{"rendered":"<p>Javier Pastoriza, hijo de una de las m\u00e1ximas glorias del Club Atl\u00e9tico Independiente, cont\u00f3 que la actual Comisi\u00f3n Directiva le aplic\u00f3 ins\u00f3litamente el derecho de admisi\u00f3n y no puede concurrir al estadio. &#8220;Fui a la sede el viernes y ah\u00ed me entero que me pusieron el derecho de admisi\u00f3n. Lo plantearon en Comisi\u00f3n Directiva&#8221;, dijo [&hellip;]<\/p>\n","protected":false},"author":1,"featured_media":35396,"comment_status":"closed","ping_status":"closed","sticky":false,"template":"","format":"standard","meta":{"_links_to":"","_links_to_target":""},"categories":[4,1],"tags":[2288],"_links":{"self":[{"href":"https:\/\/www.locoxelrojo.com\/independiente\/wp-json\/wp\/v2\/posts\/35395"}],"collection":[{"href":"https:\/\/www.locoxelrojo.com\/independiente\/wp-json\/wp\/v2\/posts"}],"about":[{"href":"https:\/\/www.locoxelrojo.com\/independiente\/wp-json\/wp\/v2\/types\/post"}],"author":[{"embeddable":true,"href":"https:\/\/www.locoxelrojo.com\/independiente\/wp-json\/wp\/v2\/users\/1"}],"replies":[{"embeddable":true,"href":"https:\/\/www.locoxelrojo.com\/independiente\/wp-json\/wp\/v2\/comments?post=35395"}],"version-history":[{"count":0,"href":"https:\/\/www.locoxelrojo.com\/independiente\/wp-json\/wp\/v2\/posts\/35395\/revisions"}],"wp:featuredmedia":[{"embeddable":true,"href":"https:\/\/www.locoxelrojo.com\/independiente\/wp-json\/wp\/v2\/media\/35396"}],"wp:attachment":[{"href":"https:\/\/www.locoxelrojo.com\/independiente\/wp-json\/wp\/v2\/media?parent=35395"}],"wp:term":[{"taxonomy":"category","embeddable":true,"href":"https:\/\/www.locoxelrojo.com\/independiente\/wp-json\/wp\/v2\/categories?post=35395"},{"taxonomy":"post_tag","embeddable":true,"href":"https:\/\/www.locoxelrojo.com\/independiente\/wp-json\/wp\/v2\/tags?post=35395"}],"curies":[{"name":"wp","href":"https:\/\/api.w.org\/{rel}","templated":true}]}}