{"id":35455,"date":"2013-08-20T20:46:32","date_gmt":"2013-08-20T23:46:32","guid":{"rendered":"http:\/\/www.locoxelrojo.com.ar\/independiente\/?p=35455"},"modified":"2013-08-21T00:37:22","modified_gmt":"2013-08-21T03:37:22","slug":"doble-turno-en-dominico-assmann-trabajo-con-normalidad","status":"publish","type":"post","link":"https:\/\/www.locoxelrojo.com\/independiente\/2013\/08\/20\/doble-turno-en-dominico-assmann-trabajo-con-normalidad\/","title":{"rendered":"Doble turno en Dom\u00ednico: Assmann trabaj\u00f3 con normalidad"},"content":{"rendered":"<p><strong>Independiente entren\u00f3 este martes en doble turno en el predio de Villa Dom\u00ednico, de cara al pr\u00f3ximo encuentro ante Atl\u00e9tico Tucum\u00e1n.<\/strong><\/p>\n<p>Por lo ma\u00f1ana, la pr\u00e1ctica se realiz\u00f3 a puertas cerradas. <strong>El entrenador dispuso trabajos con pelota en espacios reducidos. Tanto Federico Mancuello, como Cristian Tula y \u00c1lexis Z\u00e1rate entrenaron aparte. A diferencia de ayer, el arquero Fabi\u00e1n Assmann trabaj\u00f3 con normalidad, a la par del resto de sus compa\u00f1eros.<\/strong><\/p>\n<p>Por la tarde, <strong>los jugadores realizaron ejercicios t\u00e1cticos. El cuerpo t\u00e9cnico espera poder incluir a Cristian Tula desde el arranque en el pr\u00f3ximo partido.<\/strong><\/p>\n<p>Por otra lado, <strong>se le realizaron estudios a Mancuello y los resultados arrojaron solamente un edema, por lo tanto, estar\u00e1 a disposici\u00f3n de Miguel Brindisi el pr\u00f3ximo s\u00e1bado para jugar ante Atl\u00e9tico Tucum\u00e1n<\/strong>.<\/p>\n<p>El plantel volver\u00e1 a entrenar<strong> ma\u00f1ana a partir de las 10 h, en Villa Dom\u00ednico, a puertas cerradas.<\/strong><\/p>\n","protected":false},"excerpt":{"rendered":"<p>Independiente entren\u00f3 este martes en doble turno en el predio de Villa Dom\u00ednico, de cara al pr\u00f3ximo encuentro ante Atl\u00e9tico Tucum\u00e1n. Por lo ma\u00f1ana, la pr\u00e1ctica se realiz\u00f3 a puertas cerradas. El entrenador dispuso trabajos con pelota en espacios reducidos. Tanto Federico Mancuello, como Cristian Tula y \u00c1lexis Z\u00e1rate entrenaron aparte. A diferencia de ayer, [&hellip;]<\/p>\n","protected":false},"author":20,"featured_media":35456,"comment_status":"closed","ping_status":"closed","sticky":false,"template":"","format":"standard","meta":{"_links_to":"","_links_to_target":""},"categories":[3,1],"tags":[92,1615,26,78,172],"_links":{"self":[{"href":"https:\/\/www.locoxelrojo.com\/independiente\/wp-json\/wp\/v2\/posts\/35455"}],"collection":[{"href":"https:\/\/www.locoxelrojo.com\/independiente\/wp-json\/wp\/v2\/posts"}],"about":[{"href":"https:\/\/www.locoxelrojo.com\/independiente\/wp-json\/wp\/v2\/types\/post"}],"author":[{"embeddable":true,"href":"https:\/\/www.locoxelrojo.com\/independiente\/wp-json\/wp\/v2\/users\/20"}],"replies":[{"embeddable":true,"href":"https:\/\/www.locoxelrojo.com\/independiente\/wp-json\/wp\/v2\/comments?post=35455"}],"version-history":[{"count":0,"href":"https:\/\/www.locoxelrojo.com\/independiente\/wp-json\/wp\/v2\/posts\/35455\/revisions"}],"wp:featuredmedia":[{"embeddable":true,"href":"https:\/\/www.locoxelrojo.com\/independiente\/wp-json\/wp\/v2\/media\/35456"}],"wp:attachment":[{"href":"https:\/\/www.locoxelrojo.com\/independiente\/wp-json\/wp\/v2\/media?parent=35455"}],"wp:term":[{"taxonomy":"category","embeddable":true,"href":"https:\/\/www.locoxelrojo.com\/independiente\/wp-json\/wp\/v2\/categories?post=35455"},{"taxonomy":"post_tag","embeddable":true,"href":"https:\/\/www.locoxelrojo.com\/independiente\/wp-json\/wp\/v2\/tags?post=35455"}],"curies":[{"name":"wp","href":"https:\/\/api.w.org\/{rel}","templated":true}]}}