{"id":35459,"date":"2013-08-20T20:56:28","date_gmt":"2013-08-20T23:56:28","guid":{"rendered":"http:\/\/www.locoxelrojo.com.ar\/independiente\/?p=35459"},"modified":"2013-08-21T01:22:16","modified_gmt":"2013-08-21T04:22:16","slug":"mancuello-nos-dolio-mucho-el-empate","status":"publish","type":"post","link":"https:\/\/www.locoxelrojo.com\/independiente\/2013\/08\/20\/mancuello-nos-dolio-mucho-el-empate\/","title":{"rendered":"Mancuello: \u201cNos doli\u00f3 mucho el empate\u201d"},"content":{"rendered":"<p><strong>Luego del entrenamiento de esta tarde, Federico Mancuello dialog\u00f3 en conferencia de prensa y manifest\u00f3 su malestar luego del partido ante Aldosivi. Tambi\u00e9n se mostr\u00f3 sorprendido por los resultados conseguidos en el inicio del torneo y, para el final, expres\u00f3: \u201cNo tenemos que dejar pasar m\u00e1s tiempo. El s\u00e1bado tenemos que ir a ganar en Tucum\u00e1n\u201d.<\/strong><\/p>\n<p>El autor del primer gol ante el \u201cTibur\u00f3n\u201d dej\u00f3 en claro que la buena relaci\u00f3n con el entrenador, Miguel \u00c1ngel Brindisi. <strong>\u201cLa verdad que estamos muy contentos con \u00e9l y con todo su cuerpo t\u00e9cnico\u201d<\/strong>, comenz\u00f3. Y agreg\u00f3: <strong>\u201cS\u00f3lo queda demostrarlo adentro de la cancha. Los otros d\u00edas con la ventaja que ten\u00edamos nos doli\u00f3 mucho el empate\u201d<\/strong>.<\/p>\n<p>Adem\u00e1s explic\u00f3 el saludo entre el director t\u00e9cnico y los jugadores en el festejo del gol de Daniel Montenegro.<strong>\u00a0\u201cEl abrazo del otro d\u00eda fue para demostrar que estamos unidos, nada m\u00e1s. Nosotros tenemos que encargarnos de ganar y de empezar a llevar a Independiente a donde tiene que estar\u201d<\/strong>, indic\u00f3.<\/p>\n<p>Finalmente, Mancuello reconoci\u00f3 que el arranque no era el esperado por todos y se refiri\u00f3 al duro torneo de la B Nacional.\u00a0<strong>\u201cQuedan 39 fechas, no son torneos como los que ven\u00edamos jugando antes. Obviamente, hay mucho tiempo para revertirlo pero no tenemos que dejar pasar m\u00e1s tiempo. Por eso el s\u00e1bado tenemos que ir a ganar a Tucum\u00e1n\u201d<\/strong>, cerr\u00f3.<\/p>\n","protected":false},"excerpt":{"rendered":"<p>Luego del entrenamiento de esta tarde, Federico Mancuello dialog\u00f3 en conferencia de prensa y manifest\u00f3 su malestar luego del partido ante Aldosivi. Tambi\u00e9n se mostr\u00f3 sorprendido por los resultados conseguidos en el inicio del torneo y, para el final, expres\u00f3: \u201cNo tenemos que dejar pasar m\u00e1s tiempo. El s\u00e1bado tenemos que ir a ganar en [&hellip;]<\/p>\n","protected":false},"author":19,"featured_media":35461,"comment_status":"closed","ping_status":"closed","sticky":false,"template":"","format":"standard","meta":{"_links_to":"","_links_to_target":""},"categories":[3,1],"tags":[48],"_links":{"self":[{"href":"https:\/\/www.locoxelrojo.com\/independiente\/wp-json\/wp\/v2\/posts\/35459"}],"collection":[{"href":"https:\/\/www.locoxelrojo.com\/independiente\/wp-json\/wp\/v2\/posts"}],"about":[{"href":"https:\/\/www.locoxelrojo.com\/independiente\/wp-json\/wp\/v2\/types\/post"}],"author":[{"embeddable":true,"href":"https:\/\/www.locoxelrojo.com\/independiente\/wp-json\/wp\/v2\/users\/19"}],"replies":[{"embeddable":true,"href":"https:\/\/www.locoxelrojo.com\/independiente\/wp-json\/wp\/v2\/comments?post=35459"}],"version-history":[{"count":0,"href":"https:\/\/www.locoxelrojo.com\/independiente\/wp-json\/wp\/v2\/posts\/35459\/revisions"}],"wp:featuredmedia":[{"embeddable":true,"href":"https:\/\/www.locoxelrojo.com\/independiente\/wp-json\/wp\/v2\/media\/35461"}],"wp:attachment":[{"href":"https:\/\/www.locoxelrojo.com\/independiente\/wp-json\/wp\/v2\/media?parent=35459"}],"wp:term":[{"taxonomy":"category","embeddable":true,"href":"https:\/\/www.locoxelrojo.com\/independiente\/wp-json\/wp\/v2\/categories?post=35459"},{"taxonomy":"post_tag","embeddable":true,"href":"https:\/\/www.locoxelrojo.com\/independiente\/wp-json\/wp\/v2\/tags?post=35459"}],"curies":[{"name":"wp","href":"https:\/\/api.w.org\/{rel}","templated":true}]}}