{"id":35478,"date":"2013-08-20T20:47:00","date_gmt":"2013-08-20T23:47:00","guid":{"rendered":"http:\/\/www.locoxelrojo.com.ar\/independiente\/?p=35478"},"modified":"2013-08-21T01:09:18","modified_gmt":"2013-08-21T04:09:18","slug":"menendez-nos-sentimos-en-deuda-con-la-gente","status":"publish","type":"post","link":"https:\/\/www.locoxelrojo.com\/independiente\/2013\/08\/20\/menendez-nos-sentimos-en-deuda-con-la-gente\/","title":{"rendered":"Men\u00e9ndez: &#8220;Nos sentimos en deuda con la gente&#8221;"},"content":{"rendered":"<p>Cristian Men\u00e9ndez <strong>admiti\u00f3 que el plantel se siente en deuda con la gente por los malos resultados. Adem\u00e1s, habl\u00f3 del empate ante Adlosivi y reiter\u00f3 que se siente m\u00e1s c\u00f3modo con un acompa\u00f1ante arriba.<\/strong><\/p>\n<p><strong>&#8220;Nos sentimos en deuda con la gente tanto en lo futbolistico como en los resultados.\u00a0<strong>Hasta el momento no estamos a la altura&#8221;,\u00a0<\/strong><\/strong>manifest\u00f3 el delantero en di\u00e1logo con Radio 9.<\/p>\n<p>En tanto, confes\u00f3 que el descuento de Aldosivi &#8220;bloque\u00f3&#8221; al equipo y agrand\u00f3 a los de Mar del Plata.<strong> &#8220;<\/strong><strong>Brindisi est\u00e1 buscando el equipo, est\u00e1 cambiando piezas y es entendible. En el vestuario hablamos mucho de este andar de Independiente y es dif\u00edcil de explicar este presente&#8221;, <\/strong>remarc\u00f3.<\/p>\n<p>Por \u00faltimo, repiti\u00f3 que su deseo es jugar siempre acompa\u00f1ado en el ataque.<strong> &#8220;Me siento m\u00e1s c\u00f3modo jugando con otro delantero. Ahora me toca ser referencia y trato de hacer lo mejor. Quiz\u00e1s me gusta m\u00e1s tener espacio o ir de afuera hacia adentro. Creo que eso me sale mejor&#8221;, <\/strong>concluy\u00f3.<\/p>\n","protected":false},"excerpt":{"rendered":"<p>Cristian Men\u00e9ndez admiti\u00f3 que el plantel se siente en deuda con la gente por los malos resultados. Adem\u00e1s, habl\u00f3 del empate ante Adlosivi y reiter\u00f3 que se siente m\u00e1s c\u00f3modo con un acompa\u00f1ante arriba. &#8220;Nos sentimos en deuda con la gente tanto en lo futbolistico como en los resultados.\u00a0Hasta el momento no estamos a la [&hellip;]<\/p>\n","protected":false},"author":11,"featured_media":35479,"comment_status":"closed","ping_status":"closed","sticky":false,"template":"","format":"standard","meta":{"_links_to":"","_links_to_target":""},"categories":[3,1],"tags":[2236],"_links":{"self":[{"href":"https:\/\/www.locoxelrojo.com\/independiente\/wp-json\/wp\/v2\/posts\/35478"}],"collection":[{"href":"https:\/\/www.locoxelrojo.com\/independiente\/wp-json\/wp\/v2\/posts"}],"about":[{"href":"https:\/\/www.locoxelrojo.com\/independiente\/wp-json\/wp\/v2\/types\/post"}],"author":[{"embeddable":true,"href":"https:\/\/www.locoxelrojo.com\/independiente\/wp-json\/wp\/v2\/users\/11"}],"replies":[{"embeddable":true,"href":"https:\/\/www.locoxelrojo.com\/independiente\/wp-json\/wp\/v2\/comments?post=35478"}],"version-history":[{"count":0,"href":"https:\/\/www.locoxelrojo.com\/independiente\/wp-json\/wp\/v2\/posts\/35478\/revisions"}],"wp:featuredmedia":[{"embeddable":true,"href":"https:\/\/www.locoxelrojo.com\/independiente\/wp-json\/wp\/v2\/media\/35479"}],"wp:attachment":[{"href":"https:\/\/www.locoxelrojo.com\/independiente\/wp-json\/wp\/v2\/media?parent=35478"}],"wp:term":[{"taxonomy":"category","embeddable":true,"href":"https:\/\/www.locoxelrojo.com\/independiente\/wp-json\/wp\/v2\/categories?post=35478"},{"taxonomy":"post_tag","embeddable":true,"href":"https:\/\/www.locoxelrojo.com\/independiente\/wp-json\/wp\/v2\/tags?post=35478"}],"curies":[{"name":"wp","href":"https:\/\/api.w.org\/{rel}","templated":true}]}}