{"id":3554,"date":"2010-12-16T21:05:24","date_gmt":"2010-12-16T23:05:24","guid":{"rendered":"http:\/\/www.locoxelrojo.com.ar\/independiente\/?p=3554"},"modified":"2015-09-09T15:46:42","modified_gmt":"2015-09-09T18:46:42","slug":"antonio-mohamed-el-objetivo-es-la-libertadores","status":"publish","type":"post","link":"https:\/\/www.locoxelrojo.com\/independiente\/2010\/12\/16\/antonio-mohamed-el-objetivo-es-la-libertadores\/","title":{"rendered":"Mohamed: &#8220;El objetivo es la Libertadores&#8221;"},"content":{"rendered":"<p><a href=\"http:\/\/www.locoxelrojo.com.ar\/independiente\/wp-content\/uploads\/2010\/12\/mohamed4.jpg\"><img loading=\"lazy\" class=\"alignnone size-full wp-image-3555\" title=\"mohamed\" src=\"http:\/\/www.locoxelrojo.com.ar\/independiente\/wp-content\/uploads\/2010\/12\/mohamed4.jpg\" alt=\"\" width=\"550\" height=\"315\" srcset=\"https:\/\/locoxelrojo.com\/independiente\/wp-content\/uploads\/2010\/12\/mohamed4.jpg 550w, https:\/\/locoxelrojo.com\/independiente\/wp-content\/uploads\/2010\/12\/mohamed4-300x171.jpg 300w\" sizes=\"(max-width: 550px) 100vw, 550px\" \/><\/a><\/p>\n<p>En di\u00e1logo con<em> Radio Del Plata, AM 1030,<\/em>el t\u00e9cnico de Independiente prioriz\u00f3 para el pr\u00f3ximo semestre el cert\u00e1mencontinental. <strong>&#8220;El objetivo de Independiente y de todos nosotros es la Copa Libertadores y hacer 25 puntos en el torneo Apertura&#8221;<\/strong>, asegur\u00f3.<\/p>\n<p>Respecto a la pol\u00e9mica bochornosa que desat\u00f3 ayer el\u00a0 Diario Ol\u00e9, Antonio Mohamed <a href=\"http:\/\/www.locoxelrojo.com.ar\/independiente\/2010\/12\/15\/%C2%BFque-pelicula-estas-viendo-ole\/\">le dio la derecha a LocoxelRojo<\/a> puesto a que cuando le preguntaron por los promedios contest\u00f3:\u00a0<strong> &#8220;Ahora se va una campa\u00f1a de pocos puntos y nos queda una muy buena. El a\u00f1o que viene vamos a estar entre los primeros cinco en los promedios&#8221;<\/strong>.<\/p>\n<p>A la hora de hablar de los refuerzos, el t\u00e9cnico fue claro:<strong> &#8220;Quiero un delantero <\/strong>(suenan Germ\u00e1n Denis o Franco Jara)<strong>, un enganche <\/strong>(Mat\u00edas Defederico admiti\u00f3 que lo contactaron) <strong>y quiz\u00e1s un 8<\/strong> (Tom\u00e1s Costa le agrada)<strong> por si no se recupera <\/strong>(Walter) <strong> Busse&#8221;<\/strong><\/p>\n","protected":false},"excerpt":{"rendered":"<p>En di\u00e1logo con Radio Del Plata, AM 1030,el t\u00e9cnico de Independiente prioriz\u00f3 para el pr\u00f3ximo semestre el cert\u00e1mencontinental. &#8220;El objetivo de Independiente y de todos nosotros es la Copa Libertadores y hacer 25 puntos en el torneo Apertura&#8221;, asegur\u00f3. Respecto a la pol\u00e9mica bochornosa que desat\u00f3 ayer el\u00a0 Diario Ol\u00e9, Antonio Mohamed le dio la [&hellip;]<\/p>\n","protected":false},"author":1,"featured_media":0,"comment_status":"open","ping_status":"open","sticky":false,"template":"","format":"standard","meta":{"_links_to":"","_links_to_target":""},"categories":[3,1],"tags":[153,364,383],"_links":{"self":[{"href":"https:\/\/www.locoxelrojo.com\/independiente\/wp-json\/wp\/v2\/posts\/3554"}],"collection":[{"href":"https:\/\/www.locoxelrojo.com\/independiente\/wp-json\/wp\/v2\/posts"}],"about":[{"href":"https:\/\/www.locoxelrojo.com\/independiente\/wp-json\/wp\/v2\/types\/post"}],"author":[{"embeddable":true,"href":"https:\/\/www.locoxelrojo.com\/independiente\/wp-json\/wp\/v2\/users\/1"}],"replies":[{"embeddable":true,"href":"https:\/\/www.locoxelrojo.com\/independiente\/wp-json\/wp\/v2\/comments?post=3554"}],"version-history":[{"count":0,"href":"https:\/\/www.locoxelrojo.com\/independiente\/wp-json\/wp\/v2\/posts\/3554\/revisions"}],"wp:attachment":[{"href":"https:\/\/www.locoxelrojo.com\/independiente\/wp-json\/wp\/v2\/media?parent=3554"}],"wp:term":[{"taxonomy":"category","embeddable":true,"href":"https:\/\/www.locoxelrojo.com\/independiente\/wp-json\/wp\/v2\/categories?post=3554"},{"taxonomy":"post_tag","embeddable":true,"href":"https:\/\/www.locoxelrojo.com\/independiente\/wp-json\/wp\/v2\/tags?post=3554"}],"curies":[{"name":"wp","href":"https:\/\/api.w.org\/{rel}","templated":true}]}}