{"id":3557,"date":"2010-12-16T22:01:21","date_gmt":"2010-12-17T00:01:21","guid":{"rendered":"http:\/\/www.locoxelrojo.com.ar\/independiente\/?p=3557"},"modified":"2015-09-09T15:47:01","modified_gmt":"2015-09-09T18:47:01","slug":"parece-que-safa","status":"publish","type":"post","link":"https:\/\/www.locoxelrojo.com\/independiente\/2010\/12\/16\/parece-que-safa\/","title":{"rendered":"Parece que zafa"},"content":{"rendered":"<p><a href=\"http:\/\/www.locoxelrojo.com.ar\/independiente\/wp-content\/uploads\/2010\/12\/silvera.jpg\"><img loading=\"lazy\" class=\"alignnone size-full wp-image-3558\" title=\"silvera\" src=\"http:\/\/www.locoxelrojo.com.ar\/independiente\/wp-content\/uploads\/2010\/12\/silvera.jpg\" alt=\"\" width=\"550\" height=\"315\" srcset=\"https:\/\/locoxelrojo.com\/independiente\/wp-content\/uploads\/2010\/12\/silvera.jpg 550w, https:\/\/locoxelrojo.com\/independiente\/wp-content\/uploads\/2010\/12\/silvera-300x171.jpg 300w\" sizes=\"(max-width: 550px) 100vw, 550px\" \/><\/a><\/p>\n<p>Silvera se torci\u00f3 el pie izquierdo en el encuentro frente a Hurac\u00e1n en Parque Patrcios el \u00faltimo lunes. Si bien se especulaba con una fractura de quinto metatarsiano que pod\u00eda dejarlo afuera de las canchas durante 3 meses, la radiograf\u00eda no pudo confirmar la lesi\u00f3n.<\/p>\n<p>Es por eso que el doctor Luis Chiarad\u00eda lo mand\u00f3 a hacerse una radiograf\u00eda digital. Ambas fueron realizadas en la Cl\u00ednica Nordelta. El moret\u00f3n dificult\u00f3 en ambos casos la visi\u00f3n de la supuesta lesi\u00f3n \u00f3sea. Igualmente, seg\u00fan lo que el doctor pudo ver hoy no ser\u00eda una fisura.<\/p>\n<p>Silvera tiene intenciones de quedarse en Independiente y los contactos entre Julio Comparada y el representante Daniel Mandarino son positivos. El problema es que su representante quiene renovar por dos a\u00f1os m\u00e1s el v\u00ednculo, hasta junio de 2013, mientras que la dirigencia pretende uno. Igualmente en las pr\u00f3ximas horas estar\u00eda todo arreglado.<\/p>\n","protected":false},"excerpt":{"rendered":"<p>Silvera se torci\u00f3 el pie izquierdo en el encuentro frente a Hurac\u00e1n en Parque Patrcios el \u00faltimo lunes. Si bien se especulaba con una fractura de quinto metatarsiano que pod\u00eda dejarlo afuera de las canchas durante 3 meses, la radiograf\u00eda no pudo confirmar la lesi\u00f3n. Es por eso que el doctor Luis Chiarad\u00eda lo mand\u00f3 [&hellip;]<\/p>\n","protected":false},"author":1,"featured_media":0,"comment_status":"open","ping_status":"open","sticky":false,"template":"","format":"standard","meta":{"_links_to":"","_links_to_target":""},"categories":[3,1],"tags":[155,153],"_links":{"self":[{"href":"https:\/\/www.locoxelrojo.com\/independiente\/wp-json\/wp\/v2\/posts\/3557"}],"collection":[{"href":"https:\/\/www.locoxelrojo.com\/independiente\/wp-json\/wp\/v2\/posts"}],"about":[{"href":"https:\/\/www.locoxelrojo.com\/independiente\/wp-json\/wp\/v2\/types\/post"}],"author":[{"embeddable":true,"href":"https:\/\/www.locoxelrojo.com\/independiente\/wp-json\/wp\/v2\/users\/1"}],"replies":[{"embeddable":true,"href":"https:\/\/www.locoxelrojo.com\/independiente\/wp-json\/wp\/v2\/comments?post=3557"}],"version-history":[{"count":0,"href":"https:\/\/www.locoxelrojo.com\/independiente\/wp-json\/wp\/v2\/posts\/3557\/revisions"}],"wp:attachment":[{"href":"https:\/\/www.locoxelrojo.com\/independiente\/wp-json\/wp\/v2\/media?parent=3557"}],"wp:term":[{"taxonomy":"category","embeddable":true,"href":"https:\/\/www.locoxelrojo.com\/independiente\/wp-json\/wp\/v2\/categories?post=3557"},{"taxonomy":"post_tag","embeddable":true,"href":"https:\/\/www.locoxelrojo.com\/independiente\/wp-json\/wp\/v2\/tags?post=3557"}],"curies":[{"name":"wp","href":"https:\/\/api.w.org\/{rel}","templated":true}]}}