{"id":35687,"date":"2013-08-27T13:10:20","date_gmt":"2013-08-27T16:10:20","guid":{"rendered":"http:\/\/www.locoxelrojo.com.ar\/independiente\/?p=35687"},"modified":"2015-10-07T23:46:56","modified_gmt":"2015-10-08T02:46:56","slug":"brindisi-que-quede-claro-que-fui-cesado","status":"publish","type":"post","link":"https:\/\/www.locoxelrojo.com\/independiente\/2013\/08\/27\/brindisi-que-quede-claro-que-fui-cesado\/","title":{"rendered":"Brindisi: \u201cQue quede claro que fui cesado\u201d"},"content":{"rendered":"<p><strong>Miguel \u00c1ngel Brindisi volvi\u00f3 a hablar tras la conferencia de ayer y dej\u00f3 en claro que lo echaron de Independiente. \u201cQue quede claro que fui cesado\u201d, solt\u00f3. Por otro lado, entendi\u00f3 que el club necesitaba el cambio, pero resalt\u00f3 que quer\u00eda seguir.<\/strong><\/p>\n<p><strong>\u201cQue quede claro que fui cesado. Fue una reuni\u00f3n normal con Cantero. El club necesitaba un cambio. Cuando uno dice de com\u00fan acuerdo es porque se entendi\u00f3 la situaci\u00f3n en la que el club est\u00e1\u201d<\/strong>, expres\u00f3 el ex entrenador en declaraciones a 90 Minutos por Fox Sports.<\/p>\n<p>De todas formas, reiter\u00f3 que \u00e9l pretend\u00eda seguir al cargo: <strong>\u201cObvio que yo quer\u00eda seguir. Estaba \u00edntegro, van 4 fechas y faltan 38. Pero es l\u00f3gico, se entiende. Pod\u00e9s o no estar de acuerdo, pero hay que aceptar las decisiones\u201d<\/strong>.<\/p>\n<p>Tambi\u00e9n hizo referencia a los llamados que recibi\u00f3 Omar De Felippe mientras Brindisi era el entrenador. <strong>\u201cSi hablaron o no con De Felippe no importa. Que los juzgue su conciencia si me mintieron\u201d<\/strong>, desliz\u00f3.<\/p>\n<p>Por otro lado, banc\u00f3 al plantel del \u201cRojo\u201d y asegur\u00f3 que hay muy buenos jugadores: <strong>\u201cA estos muchachos los adoro. Son unos pibes extraordinarios. Nunca estuve enfrentado con nadie. Independiente tiene un muy buen plantel. Ahora hay que encontrar el equipo\u201d<\/strong>.<\/p>\n<p>Para cerrar, opin\u00f3 de la pol\u00edtica que hay en Independiente y de c\u00f3mo afecta a todo el club. <strong>\u201cHay que dejar la pol\u00edtica de lado, en ese sentido estoy caliente. Hay que reflexionar y estar todos juntos. M\u00e1tense en las elecciones, pero no ahora. Hay que devolver a Independiente a Primera\u201d<\/strong>, concluy\u00f3.<\/p>\n","protected":false},"excerpt":{"rendered":"<p>Miguel \u00c1ngel Brindisi volvi\u00f3 a hablar tras la conferencia de ayer y dej\u00f3 en claro que lo echaron de Independiente. \u201cQue quede claro que fui cesado\u201d, solt\u00f3. Por otro lado, entendi\u00f3 que el club necesitaba el cambio, pero resalt\u00f3 que quer\u00eda seguir. \u201cQue quede claro que fui cesado. Fue una reuni\u00f3n normal con Cantero. El [&hellip;]<\/p>\n","protected":false},"author":11,"featured_media":35688,"comment_status":"closed","ping_status":"closed","sticky":false,"template":"","format":"standard","meta":{"_links_to":"","_links_to_target":""},"categories":[3,1],"tags":[153,485],"_links":{"self":[{"href":"https:\/\/www.locoxelrojo.com\/independiente\/wp-json\/wp\/v2\/posts\/35687"}],"collection":[{"href":"https:\/\/www.locoxelrojo.com\/independiente\/wp-json\/wp\/v2\/posts"}],"about":[{"href":"https:\/\/www.locoxelrojo.com\/independiente\/wp-json\/wp\/v2\/types\/post"}],"author":[{"embeddable":true,"href":"https:\/\/www.locoxelrojo.com\/independiente\/wp-json\/wp\/v2\/users\/11"}],"replies":[{"embeddable":true,"href":"https:\/\/www.locoxelrojo.com\/independiente\/wp-json\/wp\/v2\/comments?post=35687"}],"version-history":[{"count":0,"href":"https:\/\/www.locoxelrojo.com\/independiente\/wp-json\/wp\/v2\/posts\/35687\/revisions"}],"wp:featuredmedia":[{"embeddable":true,"href":"https:\/\/www.locoxelrojo.com\/independiente\/wp-json\/wp\/v2\/media\/35688"}],"wp:attachment":[{"href":"https:\/\/www.locoxelrojo.com\/independiente\/wp-json\/wp\/v2\/media?parent=35687"}],"wp:term":[{"taxonomy":"category","embeddable":true,"href":"https:\/\/www.locoxelrojo.com\/independiente\/wp-json\/wp\/v2\/categories?post=35687"},{"taxonomy":"post_tag","embeddable":true,"href":"https:\/\/www.locoxelrojo.com\/independiente\/wp-json\/wp\/v2\/tags?post=35687"}],"curies":[{"name":"wp","href":"https:\/\/api.w.org\/{rel}","templated":true}]}}