{"id":35801,"date":"2013-08-30T15:41:36","date_gmt":"2013-08-30T18:41:36","guid":{"rendered":"http:\/\/www.locoxelrojo.com.ar\/independiente\/?p=35801"},"modified":"2013-08-30T15:41:36","modified_gmt":"2013-08-30T18:41:36","slug":"de-felippe-ser-protagonistas-con-la-pelota-y-sin-ella-cuchillo-entre-los-dientes","status":"publish","type":"post","link":"https:\/\/www.locoxelrojo.com\/independiente\/2013\/08\/30\/de-felippe-ser-protagonistas-con-la-pelota-y-sin-ella-cuchillo-entre-los-dientes\/","title":{"rendered":"De Felippe: &#8220;Ser protagonistas con la pelota, y sin ella, cuchillo entre los dientes&#8221;"},"content":{"rendered":"<p>Omar De Felippe habl\u00f3 en conferencia de prensa a dos d\u00edas de su debut y<strong> destac\u00f3 que pretende del equipo que &#8220;sea protagonista con la pelota, y sin ella, que tenga el cuchillo entre los dientes&#8221;. Adem\u00e1s, remarc\u00f3 la buena predisposici\u00f3n del plantel y expres\u00f3 que Independiente debe llegar a la segunda rueda en el lote de arriba.<\/strong><\/p>\n<p><strong>&#8220;Estoy contento por la entrega de los chicos en cada entrenamiento. No creo que haya tantas variantes respecto del equipo de la semana pasada, hay que generar confianza. No fue f\u00e1cil lo que vivieron, pero mostraron buena predisposici\u00f3n para todo&#8221;<\/strong>, manifest\u00f3 el entrenador.<strong> &#8220;Cuando la tenemos hay que ser protagonistas sin desequilibrarnos. Hay jugadores con muy buen pie. Cuando no tengamos la pelota, hay que tener el cuchillo entre los dientes y correr mucho&#8221;<\/strong>, agreg\u00f3.<\/p>\n<p>Luego, prosigui\u00f3 con sus sensaciones en estos tres d\u00edas de entrenamiento y pidi\u00f3 paciencia: <strong>&#8220;Vamos a salir adelante. Los vi muy acelerados a los chicos, quer\u00edan hacer las cosas r\u00e1pido y as\u00ed no es, tienen que buscar tranquilidad. Pero no se genera en 24 horas esto. No es lo mismo que un torneo de Primera, es largo, hay que llegar al segundo torneo en el lote de los de arriba&#8221;.<\/strong><\/p>\n<p>Adem\u00e1s, entendi\u00f3 que no se le debe dar responsabilidad m\u00e1xima a ning\u00fan jugador, sino encontrar el equipo: <strong>&#8220;Fern\u00e1ndez puede ser una alternativa, tambi\u00e9n Ben\u00edtez. Igualmente no podemos dar responsabilidades individuales, hay que armar un equipo. Somos 11, cada uno tiene que cumplir su funci\u00f3n y a partir de ah\u00ed, la responsabilidad se va a compartir&#8221;.<\/strong><\/p>\n<p><strong>&#8220;Va a atajar Diego Rodr\u00edguez, no soy amigo de las rotaciones, me gusta encontrar el equipo con trabajo&#8221;<\/strong>, asegur\u00f3 sobre la posici\u00f3n del arquero. Tambi\u00e9n, respecto de ese puesto, hizo referencia a Hilario Navarro:<strong> &#8220;Seguramente la semana que viene vamos a tomar una decisi\u00f3n con Javier Cantero para ver si Hilario Navarro vuelve a entrenar con nosotros&#8221;.<\/strong><\/p>\n<p>Por \u00faltimo, mencion\u00f3 que le gustan los jugadores polifuncionales al ser consultado por la posibilidad de utilizar a Juli\u00e1n Vel\u00e1zquez como lateral derecho. <strong>&#8220;Me gusta que los jugadores puedan tener utilidad en distintas posiciones por algunos desarrollos que se dan en los partidos. Vel\u00e1zquez es un jugador de mucha categor\u00eda, ojal\u00e1 vuelva a ser uno de los tantos jugadores que hace un tiempo era un fen\u00f3meno. Hoy jug\u00f3 de lateral derecho, es una opci\u00f3n&#8221;<\/strong>, cerr\u00f3.<\/p>\n","protected":false},"excerpt":{"rendered":"<p>Omar De Felippe habl\u00f3 en conferencia de prensa a dos d\u00edas de su debut y destac\u00f3 que pretende del equipo que &#8220;sea protagonista con la pelota, y sin ella, que tenga el cuchillo entre los dientes&#8221;. Adem\u00e1s, remarc\u00f3 la buena predisposici\u00f3n del plantel y expres\u00f3 que Independiente debe llegar a la segunda rueda en el [&hellip;]<\/p>\n","protected":false},"author":11,"featured_media":35802,"comment_status":"closed","ping_status":"closed","sticky":false,"template":"","format":"standard","meta":{"_links_to":"","_links_to_target":""},"categories":[3,1],"tags":[2032],"_links":{"self":[{"href":"https:\/\/www.locoxelrojo.com\/independiente\/wp-json\/wp\/v2\/posts\/35801"}],"collection":[{"href":"https:\/\/www.locoxelrojo.com\/independiente\/wp-json\/wp\/v2\/posts"}],"about":[{"href":"https:\/\/www.locoxelrojo.com\/independiente\/wp-json\/wp\/v2\/types\/post"}],"author":[{"embeddable":true,"href":"https:\/\/www.locoxelrojo.com\/independiente\/wp-json\/wp\/v2\/users\/11"}],"replies":[{"embeddable":true,"href":"https:\/\/www.locoxelrojo.com\/independiente\/wp-json\/wp\/v2\/comments?post=35801"}],"version-history":[{"count":0,"href":"https:\/\/www.locoxelrojo.com\/independiente\/wp-json\/wp\/v2\/posts\/35801\/revisions"}],"wp:featuredmedia":[{"embeddable":true,"href":"https:\/\/www.locoxelrojo.com\/independiente\/wp-json\/wp\/v2\/media\/35802"}],"wp:attachment":[{"href":"https:\/\/www.locoxelrojo.com\/independiente\/wp-json\/wp\/v2\/media?parent=35801"}],"wp:term":[{"taxonomy":"category","embeddable":true,"href":"https:\/\/www.locoxelrojo.com\/independiente\/wp-json\/wp\/v2\/categories?post=35801"},{"taxonomy":"post_tag","embeddable":true,"href":"https:\/\/www.locoxelrojo.com\/independiente\/wp-json\/wp\/v2\/tags?post=35801"}],"curies":[{"name":"wp","href":"https:\/\/api.w.org\/{rel}","templated":true}]}}