{"id":35816,"date":"2013-08-30T18:00:11","date_gmt":"2013-08-30T21:00:11","guid":{"rendered":"http:\/\/www.locoxelrojo.com.ar\/independiente\/?p=35816"},"modified":"2013-08-30T18:00:11","modified_gmt":"2013-08-30T21:00:11","slug":"razzotti-hago-autocritica-no-fueron-buenas-mis-actuaciones","status":"publish","type":"post","link":"https:\/\/www.locoxelrojo.com\/independiente\/2013\/08\/30\/razzotti-hago-autocritica-no-fueron-buenas-mis-actuaciones\/","title":{"rendered":"Razzotti: &#8220;Hago autocr\u00edtica, no fueron buenas mis actuaciones&#8221;"},"content":{"rendered":"<p>Franco Razzotti se mostr\u00f3 autocr\u00edtico por su bajo nivel. <strong>&#8220;No fueron buenas mis actuaciones&#8221;<\/strong>, sentenci\u00f3. Adem\u00e1s, <strong>reconoci\u00f3 que le fall\u00f3 a Miguel \u00c1ngel Brindisi y entendi\u00f3 que Omar De Felippe puede aportar en cuanto al conocimiento de la categor\u00eda.<\/strong><\/p>\n<p><strong>&#8220;Hago autocr\u00edtica, no fueron buenas mis actuaciones.\u00a0A Brindisi no le pude devolver en el campo la confianza que me dio&#8221;<\/strong>, sostuvo el volante en di\u00e1logo con Monarqu\u00eda Roja.<\/p>\n<p>Luego, prosigui\u00f3 respecto de la salida del entrenador que lo puso como titular en los primeros tres partidos: <strong>&#8220;A Brindisi no se le dio el tiempo necesario.\u00a0Con tiempo y trabajo se ven los resultados.\u00a0La \u00fanica manera de apoyar al t\u00e9cnico era dentro de la cancha.\u00a0No estuvimos a la altura de las circunstancias&#8221;.<\/strong><\/p>\n<p>Tambi\u00e9n hizo referencia a los murmullos de la gente en los dos partidos de local y la ansiedad que hay por conseguir un triunfo r\u00e1pido. <strong>&#8220;Los murmullos tambi\u00e9n se escuchan , es una presi\u00f3n extra.\u00a0Entiendo a la gente porque estamos pasando un momento malo.\u00a0Nosotros tambi\u00e9n la estamos pasando mal.\u00a0Estamos trabajando para mejorar. En esto tiene que ver mucho la cabeza. Hay mucha calidad y experiencia, pero falta tranquilidad.\u00a0Un triunfo trae tranquilidad a la gente y a nosotros mismos&#8221;<\/strong>, manifest\u00f3.<\/p>\n<p>Por \u00faltimo, resalt\u00f3 que el nuevo entrenador le puede dar al equipo m\u00e1s herramientas sobre la B Nacional.<strong> &#8220;De Felippe conoce mucho la divisi\u00f3n, desde ese lado le puede aportar conocimiento&#8221;<\/strong>, cerr\u00f3.<\/p>\n","protected":false},"excerpt":{"rendered":"<p>Franco Razzotti se mostr\u00f3 autocr\u00edtico por su bajo nivel. &#8220;No fueron buenas mis actuaciones&#8221;, sentenci\u00f3. Adem\u00e1s, reconoci\u00f3 que le fall\u00f3 a Miguel \u00c1ngel Brindisi y entendi\u00f3 que Omar De Felippe puede aportar en cuanto al conocimiento de la categor\u00eda. &#8220;Hago autocr\u00edtica, no fueron buenas mis actuaciones.\u00a0A Brindisi no le pude devolver en el campo la [&hellip;]<\/p>\n","protected":false},"author":11,"featured_media":35817,"comment_status":"closed","ping_status":"closed","sticky":false,"template":"","format":"standard","meta":{"_links_to":"","_links_to_target":""},"categories":[3,1],"tags":[2235],"_links":{"self":[{"href":"https:\/\/www.locoxelrojo.com\/independiente\/wp-json\/wp\/v2\/posts\/35816"}],"collection":[{"href":"https:\/\/www.locoxelrojo.com\/independiente\/wp-json\/wp\/v2\/posts"}],"about":[{"href":"https:\/\/www.locoxelrojo.com\/independiente\/wp-json\/wp\/v2\/types\/post"}],"author":[{"embeddable":true,"href":"https:\/\/www.locoxelrojo.com\/independiente\/wp-json\/wp\/v2\/users\/11"}],"replies":[{"embeddable":true,"href":"https:\/\/www.locoxelrojo.com\/independiente\/wp-json\/wp\/v2\/comments?post=35816"}],"version-history":[{"count":0,"href":"https:\/\/www.locoxelrojo.com\/independiente\/wp-json\/wp\/v2\/posts\/35816\/revisions"}],"wp:featuredmedia":[{"embeddable":true,"href":"https:\/\/www.locoxelrojo.com\/independiente\/wp-json\/wp\/v2\/media\/35817"}],"wp:attachment":[{"href":"https:\/\/www.locoxelrojo.com\/independiente\/wp-json\/wp\/v2\/media?parent=35816"}],"wp:term":[{"taxonomy":"category","embeddable":true,"href":"https:\/\/www.locoxelrojo.com\/independiente\/wp-json\/wp\/v2\/categories?post=35816"},{"taxonomy":"post_tag","embeddable":true,"href":"https:\/\/www.locoxelrojo.com\/independiente\/wp-json\/wp\/v2\/tags?post=35816"}],"curies":[{"name":"wp","href":"https:\/\/api.w.org\/{rel}","templated":true}]}}