{"id":35849,"date":"2013-09-01T08:11:46","date_gmt":"2013-09-01T11:11:46","guid":{"rendered":"http:\/\/www.locoxelrojo.com.ar\/independiente\/?p=35849"},"modified":"2013-09-01T08:11:46","modified_gmt":"2013-09-01T11:11:46","slug":"el-primero-del-nuevo-ciclo","status":"publish","type":"post","link":"https:\/\/www.locoxelrojo.com\/independiente\/2013\/09\/01\/el-primero-del-nuevo-ciclo\/","title":{"rendered":"El primero del nuevo ciclo"},"content":{"rendered":"<p><strong>Esta tarde a partir de las 18.10 h Independiente recibe a su hom\u00f3nimo de Mendoza en lo que ser\u00e1 el debut de Omar De Felippe en el banco de suplentes. El &#8220;Rojo&#8221; va por el triunfo que lo saque de los \u00faltimos puestos y haga olvidar los malos resultados. El \u00e1rbitro del partido ser\u00e1 Juan Pablo Pompei.<\/strong><\/p>\n<p>Tras la derrota ante Atl\u00e9tico Tucum\u00e1n que marc\u00f3 la salida de Miguel Brindisi, Independiente sabe que no debe seguir perdiendo terreno en su lucha por el ascenso, por eso tendr\u00e1 que conseguir su primera victoria ante la &#8220;Lepra&#8221;. De lo contrario, su situaci\u00f3n se pondr\u00e1 a\u00fan m\u00e1s cuesta arriba.<\/p>\n<p><strong>A\u00fan sin la formaci\u00f3n confirmada, el nuevo entrenador dio indicios que repetir\u00eda el mismo once inicial que cay\u00f3 en Tucum\u00e1n<\/strong>, siendo los \u00fanicos cambios los regresos de Christian N\u00fa\u00f1ez, Mart\u00edn Ben\u00edtez y Adri\u00e1n Fern\u00e1ndez a la lista de concentrados.<\/p>\n<p>El conjunto mendocino tampoco pudo ganar en lo que va del torneo y tiene los mismos puntos que el ahora equipo de De Felippe.\u00a0<strong>Roberto Trotta, t\u00e9cnico de la visita, trabaj\u00f3 durante la semana con un 4-4-2 y viene a Avellaneda con la ilusi\u00f3n de poder sumar de a tres por primera vez en el campeonato.<\/strong><\/p>\n<p><strong>Probables formaciones:<\/strong><\/p>\n<p><strong>Independiente:<\/strong> Diego Rodr\u00edguez; Gabriel Vall\u00e9s, Cristian Tula, Claudio Morel Rodr\u00edguez, Lucas Villalba; Mart\u00edn Zapata, Reinaldo Alderete, Federico Mancuello; Daniel Montenegro; Facundo Parra y Cristian Men\u00e9ndez.<br \/>\n<strong>DT:<\/strong> Omar De Felippe<\/p>\n<p><strong>Independiente Rivadavia:<\/strong> Josu\u00e9 Ayala; Walter Garc\u00eda, Ariel Ag\u00fcero, Leandro Caballero, Lucas Parisi; Abel Peralta, Emiliano Fern\u00e1ndez, Diego Tonetto; Ezequiel P\u00e9rez; Javier Rossi y Leonardo Carboni.<br \/>\n<strong>DT:<\/strong> Roberto Trotta.<\/p>\n<p><strong>Arbitro:<\/strong> Juan Pablo Pompei<\/p>\n<p><strong>Estadio:<\/strong> Libertadores de Am\u00e9rica<\/p>\n<p><strong>Hora:<\/strong> 18:10<\/p>\n","protected":false},"excerpt":{"rendered":"<p>Esta tarde a partir de las 18.10 h Independiente recibe a su hom\u00f3nimo de Mendoza en lo que ser\u00e1 el debut de Omar De Felippe en el banco de suplentes. El &#8220;Rojo&#8221; va por el triunfo que lo saque de los \u00faltimos puestos y haga olvidar los malos resultados. El \u00e1rbitro del partido ser\u00e1 Juan [&hellip;]<\/p>\n","protected":false},"author":17,"featured_media":35852,"comment_status":"closed","ping_status":"closed","sticky":false,"template":"","format":"standard","meta":{"_links_to":"","_links_to_target":""},"categories":[2007,3,1],"tags":[2227,153,611,2032],"_links":{"self":[{"href":"https:\/\/www.locoxelrojo.com\/independiente\/wp-json\/wp\/v2\/posts\/35849"}],"collection":[{"href":"https:\/\/www.locoxelrojo.com\/independiente\/wp-json\/wp\/v2\/posts"}],"about":[{"href":"https:\/\/www.locoxelrojo.com\/independiente\/wp-json\/wp\/v2\/types\/post"}],"author":[{"embeddable":true,"href":"https:\/\/www.locoxelrojo.com\/independiente\/wp-json\/wp\/v2\/users\/17"}],"replies":[{"embeddable":true,"href":"https:\/\/www.locoxelrojo.com\/independiente\/wp-json\/wp\/v2\/comments?post=35849"}],"version-history":[{"count":0,"href":"https:\/\/www.locoxelrojo.com\/independiente\/wp-json\/wp\/v2\/posts\/35849\/revisions"}],"wp:featuredmedia":[{"embeddable":true,"href":"https:\/\/www.locoxelrojo.com\/independiente\/wp-json\/wp\/v2\/media\/35852"}],"wp:attachment":[{"href":"https:\/\/www.locoxelrojo.com\/independiente\/wp-json\/wp\/v2\/media?parent=35849"}],"wp:term":[{"taxonomy":"category","embeddable":true,"href":"https:\/\/www.locoxelrojo.com\/independiente\/wp-json\/wp\/v2\/categories?post=35849"},{"taxonomy":"post_tag","embeddable":true,"href":"https:\/\/www.locoxelrojo.com\/independiente\/wp-json\/wp\/v2\/tags?post=35849"}],"curies":[{"name":"wp","href":"https:\/\/api.w.org\/{rel}","templated":true}]}}