{"id":35901,"date":"2013-09-02T16:22:55","date_gmt":"2013-09-02T19:22:55","guid":{"rendered":"http:\/\/www.locoxelrojo.com.ar\/independiente\/?p=35901"},"modified":"2015-10-07T23:58:17","modified_gmt":"2015-10-08T02:58:17","slug":"fernandez-es-entendible-que-la-gente-se-impaciente","status":"publish","type":"post","link":"https:\/\/www.locoxelrojo.com\/independiente\/2013\/09\/02\/fernandez-es-entendible-que-la-gente-se-impaciente\/","title":{"rendered":"A. Fern\u00e1ndez: &#8220;Es entendible que la gente se impaciente&#8221;"},"content":{"rendered":"<p>Adri\u00e1n Fern\u00e1ndez entendi\u00f3 <strong>la ansiedad y los murmullos de la gente por el mal rendimiento del equipo. Por otro lado, opin\u00f3 sobre Omar De Felippe y asegur\u00f3 que nunca pens\u00f3 en irse del club.<\/strong><\/p>\n<p><strong>&#8220;Es entendible que la gente se vaya impacientando con el correr de los minutos. Nosotros desde adentro de la cancha tenemos que mandar un mensaje a la gente, con tiempo lo haremos&#8221;<\/strong>, asever\u00f3 el delantero en di\u00e1logo con Paladar Rojo.<\/p>\n<p>Respecto del nuevo entrenador, Fern\u00e1ndez remarc\u00f3: <strong>&#8220;Es muy corto el tiempo que tenemos con De Felippe, pero se muestra como un t\u00e9cnico muy seguro&#8221;.<\/strong><\/p>\n<p>Al ser consultado por las versiones que lo alejaban del club en el mercado de pases, el delantero sostuvo que jam\u00e1s pens\u00f3 en dejar Avellaneda. <strong>&#8220;En ning\u00fan momento quise dejar el club, siempre mi idea fue quedarme y pelearla ac\u00e1. Es un honor poder defender esta camiseta&#8221;<\/strong>, revel\u00f3.<\/p>\n<p>Finalmente, destac\u00f3 las diferencias entre Primera y la B Nacional. <strong>&#8220;Lo que noto es que en esta categor\u00eda se raspa mucho m\u00e1s, lo que hace que los espacios se achiquen&#8221;<\/strong>, concluy\u00f3.<\/p>\n","protected":false},"excerpt":{"rendered":"<p>Adri\u00e1n Fern\u00e1ndez entendi\u00f3 la ansiedad y los murmullos de la gente por el mal rendimiento del equipo. Por otro lado, opin\u00f3 sobre Omar De Felippe y asegur\u00f3 que nunca pens\u00f3 en irse del club. &#8220;Es entendible que la gente se vaya impacientando con el correr de los minutos. Nosotros desde adentro de la cancha tenemos [&hellip;]<\/p>\n","protected":false},"author":11,"featured_media":35902,"comment_status":"closed","ping_status":"closed","sticky":false,"template":"","format":"standard","meta":{"_links_to":"","_links_to_target":""},"categories":[3,1],"tags":[1489],"_links":{"self":[{"href":"https:\/\/www.locoxelrojo.com\/independiente\/wp-json\/wp\/v2\/posts\/35901"}],"collection":[{"href":"https:\/\/www.locoxelrojo.com\/independiente\/wp-json\/wp\/v2\/posts"}],"about":[{"href":"https:\/\/www.locoxelrojo.com\/independiente\/wp-json\/wp\/v2\/types\/post"}],"author":[{"embeddable":true,"href":"https:\/\/www.locoxelrojo.com\/independiente\/wp-json\/wp\/v2\/users\/11"}],"replies":[{"embeddable":true,"href":"https:\/\/www.locoxelrojo.com\/independiente\/wp-json\/wp\/v2\/comments?post=35901"}],"version-history":[{"count":0,"href":"https:\/\/www.locoxelrojo.com\/independiente\/wp-json\/wp\/v2\/posts\/35901\/revisions"}],"wp:featuredmedia":[{"embeddable":true,"href":"https:\/\/www.locoxelrojo.com\/independiente\/wp-json\/wp\/v2\/media\/35902"}],"wp:attachment":[{"href":"https:\/\/www.locoxelrojo.com\/independiente\/wp-json\/wp\/v2\/media?parent=35901"}],"wp:term":[{"taxonomy":"category","embeddable":true,"href":"https:\/\/www.locoxelrojo.com\/independiente\/wp-json\/wp\/v2\/categories?post=35901"},{"taxonomy":"post_tag","embeddable":true,"href":"https:\/\/www.locoxelrojo.com\/independiente\/wp-json\/wp\/v2\/tags?post=35901"}],"curies":[{"name":"wp","href":"https:\/\/api.w.org\/{rel}","templated":true}]}}