{"id":35905,"date":"2013-09-02T16:40:12","date_gmt":"2013-09-02T19:40:12","guid":{"rendered":"http:\/\/www.locoxelrojo.com.ar\/independiente\/?p=35905"},"modified":"2013-09-02T16:42:13","modified_gmt":"2013-09-02T19:42:13","slug":"julian-velazquez-se-desgarro","status":"publish","type":"post","link":"https:\/\/www.locoxelrojo.com\/independiente\/2013\/09\/02\/julian-velazquez-se-desgarro\/","title":{"rendered":"Juli\u00e1n Vel\u00e1zquez se desgarr\u00f3"},"content":{"rendered":"<p>Juli\u00e1n Vel\u00e1zquez se realiz\u00f3 los estudios esta tarde por el dolor que lo oblig\u00f3 a salir ayer ante Independiente Rivadavia y<strong> los resultados lanzaron un desgarro de 9 mil\u00edmetros del aductor medio de la pierna derecha. Estar\u00e1, m\u00ednimo, 21 d\u00edas afuera.<\/strong><\/p>\n<p>Malas noticias para Omar De Felippe, que ten\u00eda muy en cuenta a Vel\u00e1zquez. La &#8220;Avispa&#8221;, <strong>que ayer fue reemplazado por Gabriel Vall\u00e9s a los 25 minutos del primer tiempo por un dolor, sufri\u00f3 un desgarro importante en el aductor medio de la pierna derecha. Fue de 9 mil\u00edmetros y le costar\u00e1 al menos 21 d\u00edas sin poder jugar.<\/strong><\/p>\n<p><strong>Vel\u00e1zquez llevaba cuatro partidos jugados en la B Nacional, 295 minutos y una amarilla.<\/strong> El entrenador pierde por tres partidos un central que tambi\u00e9n lo consideraba como lateral derecho.<\/p>\n","protected":false},"excerpt":{"rendered":"<p>Juli\u00e1n Vel\u00e1zquez se realiz\u00f3 los estudios esta tarde por el dolor que lo oblig\u00f3 a salir ayer ante Independiente Rivadavia y los resultados lanzaron un desgarro de 9 mil\u00edmetros del aductor medio de la pierna derecha. Estar\u00e1, m\u00ednimo, 21 d\u00edas afuera. Malas noticias para Omar De Felippe, que ten\u00eda muy en cuenta a Vel\u00e1zquez. La [&hellip;]<\/p>\n","protected":false},"author":11,"featured_media":35906,"comment_status":"closed","ping_status":"closed","sticky":false,"template":"","format":"standard","meta":{"_links_to":"","_links_to_target":""},"categories":[3,1],"tags":[32],"_links":{"self":[{"href":"https:\/\/www.locoxelrojo.com\/independiente\/wp-json\/wp\/v2\/posts\/35905"}],"collection":[{"href":"https:\/\/www.locoxelrojo.com\/independiente\/wp-json\/wp\/v2\/posts"}],"about":[{"href":"https:\/\/www.locoxelrojo.com\/independiente\/wp-json\/wp\/v2\/types\/post"}],"author":[{"embeddable":true,"href":"https:\/\/www.locoxelrojo.com\/independiente\/wp-json\/wp\/v2\/users\/11"}],"replies":[{"embeddable":true,"href":"https:\/\/www.locoxelrojo.com\/independiente\/wp-json\/wp\/v2\/comments?post=35905"}],"version-history":[{"count":0,"href":"https:\/\/www.locoxelrojo.com\/independiente\/wp-json\/wp\/v2\/posts\/35905\/revisions"}],"wp:featuredmedia":[{"embeddable":true,"href":"https:\/\/www.locoxelrojo.com\/independiente\/wp-json\/wp\/v2\/media\/35906"}],"wp:attachment":[{"href":"https:\/\/www.locoxelrojo.com\/independiente\/wp-json\/wp\/v2\/media?parent=35905"}],"wp:term":[{"taxonomy":"category","embeddable":true,"href":"https:\/\/www.locoxelrojo.com\/independiente\/wp-json\/wp\/v2\/categories?post=35905"},{"taxonomy":"post_tag","embeddable":true,"href":"https:\/\/www.locoxelrojo.com\/independiente\/wp-json\/wp\/v2\/tags?post=35905"}],"curies":[{"name":"wp","href":"https:\/\/api.w.org\/{rel}","templated":true}]}}