{"id":35925,"date":"2013-09-03T14:18:03","date_gmt":"2013-09-03T17:18:03","guid":{"rendered":"http:\/\/www.locoxelrojo.com.ar\/independiente\/?p=35925"},"modified":"2015-10-07T23:58:45","modified_gmt":"2015-10-08T02:58:45","slug":"rojos-por-el-mundo-primer-grito-de-vidal-en-chile","status":"publish","type":"post","link":"https:\/\/www.locoxelrojo.com\/independiente\/2013\/09\/03\/rojos-por-el-mundo-primer-grito-de-vidal-en-chile\/","title":{"rendered":"Rojos por el mundo: primer grito de Vidal en Chile"},"content":{"rendered":"<p><strong>Patricio Vidal comenz\u00f3 a dar sus primeros pasos en la Uni\u00f3n Espa\u00f1ola. El domingo pasado convirti\u00f3 su primer gol en la victoria por 2 a 0 ante Colo Colo. Por su parte, otro delantero que sigue de racha en el pa\u00eds trasandino es Ismael Sosa, quien marc\u00f3 ante Cobresal y con sus cuatro tantos es uno de los goleadores de la liga.<\/strong><\/p>\n<p><strong>Patricio Vidal (Uni\u00f3n Espa\u00f1ola \u2013 Chile):<\/strong> El \u201cPato\u201d fue titular, jug\u00f3 80 minutos y grit\u00f3 por primera vez en la victoria a Colo Colo por 2 a 0, como visitante.<\/p>\n<p><strong>Ismael Sosa (Universidad Cat\u00f3lica \u2013 Chile):<\/strong> Le marc\u00f3 el segundo gol al Cobresal en la victoria por 3 a 0, fue titular y sali\u00f3 cuando faltaban 12 minutos para el cierre del encuentro.<\/p>\n<p><strong>Roberto Batti\u00f3n (All Boys \u2013 Argentina):<\/strong> El volante central convirti\u00f3 un golazo frente a Racing. Estuvo desde el arranque y fue reemplazado a los 35 minutos de la segunda mitad.<\/p>\n<p><strong>Sergio Ag\u00fcero (Manchester City \u2013 Inglaterra):<\/strong> Al \u201cKun\u201d no le toc\u00f3 convertir, pero su equipo venci\u00f3 al Hull City por 2 a 0. Cuando faltaban 14 minutos fue reemplazado.<\/p>\n<p><strong>Diego Forl\u00e1n (Internacional \u2013 Brasil):<\/strong> El delantero charr\u00faa estuvo de arranque ante el Coritiba. El encuentro finaliz\u00f3 0 a 0 y \u201cCachabacha\u201d se retir\u00f3 a los 27 minutos del segundo tiempo.<\/p>\n<p><strong>David Abraham (Hoffenheim \u2013 Alemania):<\/strong> El central fue titular en la aplastante derrota por 6 a 2 ante el Stuttgart. Cuando finalizaba el primer tiempo fue amonestado.<\/p>\n<p><strong>Mat\u00edas Vuoso (Atlas \u2013 M\u00e9xico):<\/strong> El delantero marplatense jug\u00f3 todo el partido en el empate sin goles ante Monterrey. Sin embargo, vio la tarjeta amarilla a los 73 minutos.<\/p>\n<p><strong>Javier B\u00e1ez (Defensa y Justicia \u2013 Argentina):<\/strong> El central devenido en lateral derecho jug\u00f3 todo el partido en la victoria frente a Atl\u00e9tico Tucum\u00e1n por 1 a 0. El \u201cHalc\u00f3n\u201d de Varela es el l\u00edder de la B Nacional con puntaje ideal: 15 puntos en cinco partidos.<\/p>\n<p><strong>Walter Busse (Defensa y Justicia \u2013 Argentina):<\/strong> El futbolista oriundo de Salta ingres\u00f3 en el segundo tiempo para jugar los \u00faltimos 21 minutos de la victoria por 1 a 0 ante Atl\u00e9tico Tucum\u00e1n.<\/p>\n<p><strong>Iv\u00e1n P\u00e9rez (San Mart\u00edn de San Juan \u2013 Argentina):<\/strong> El volante zurdo fue titular, pero sali\u00f3 silbado por su p\u00fablico a los nueve minutos del complemento. El \u201cSanto Sanjuanino\u201d perdi\u00f3 3 a 0 con Banfield.<\/p>\n","protected":false},"excerpt":{"rendered":"<p>Patricio Vidal comenz\u00f3 a dar sus primeros pasos en la Uni\u00f3n Espa\u00f1ola. El domingo pasado convirti\u00f3 su primer gol en la victoria por 2 a 0 ante Colo Colo. Por su parte, otro delantero que sigue de racha en el pa\u00eds trasandino es Ismael Sosa, quien marc\u00f3 ante Cobresal y con sus cuatro tantos es [&hellip;]<\/p>\n","protected":false},"author":19,"featured_media":35926,"comment_status":"closed","ping_status":"closed","sticky":false,"template":"","format":"standard","meta":{"_links_to":"","_links_to_target":""},"categories":[2043,1],"tags":[2045,715,171,187,221,1931,98,31,3277,143,28],"_links":{"self":[{"href":"https:\/\/www.locoxelrojo.com\/independiente\/wp-json\/wp\/v2\/posts\/35925"}],"collection":[{"href":"https:\/\/www.locoxelrojo.com\/independiente\/wp-json\/wp\/v2\/posts"}],"about":[{"href":"https:\/\/www.locoxelrojo.com\/independiente\/wp-json\/wp\/v2\/types\/post"}],"author":[{"embeddable":true,"href":"https:\/\/www.locoxelrojo.com\/independiente\/wp-json\/wp\/v2\/users\/19"}],"replies":[{"embeddable":true,"href":"https:\/\/www.locoxelrojo.com\/independiente\/wp-json\/wp\/v2\/comments?post=35925"}],"version-history":[{"count":0,"href":"https:\/\/www.locoxelrojo.com\/independiente\/wp-json\/wp\/v2\/posts\/35925\/revisions"}],"wp:featuredmedia":[{"embeddable":true,"href":"https:\/\/www.locoxelrojo.com\/independiente\/wp-json\/wp\/v2\/media\/35926"}],"wp:attachment":[{"href":"https:\/\/www.locoxelrojo.com\/independiente\/wp-json\/wp\/v2\/media?parent=35925"}],"wp:term":[{"taxonomy":"category","embeddable":true,"href":"https:\/\/www.locoxelrojo.com\/independiente\/wp-json\/wp\/v2\/categories?post=35925"},{"taxonomy":"post_tag","embeddable":true,"href":"https:\/\/www.locoxelrojo.com\/independiente\/wp-json\/wp\/v2\/tags?post=35925"}],"curies":[{"name":"wp","href":"https:\/\/api.w.org\/{rel}","templated":true}]}}