{"id":36020,"date":"2013-09-06T14:30:47","date_gmt":"2013-09-06T17:30:47","guid":{"rendered":"http:\/\/www.locoxelrojo.com.ar\/independiente\/?p=36020"},"modified":"2013-09-06T14:31:48","modified_gmt":"2013-09-06T17:31:48","slug":"de-felippe-probo-un-equipo","status":"publish","type":"post","link":"https:\/\/www.locoxelrojo.com\/independiente\/2013\/09\/06\/de-felippe-probo-un-equipo\/","title":{"rendered":"De Felippe prob\u00f3 un equipo"},"content":{"rendered":"<p>El plantel de Independiente volvi\u00f3 a entrenarse esta ma\u00f1ana en Villa Dom\u00ednico y <strong>Omar De Felippe prob\u00f3 un equipo que empat\u00f3 0 a 0 ante el Selectivo de Milito en una pr\u00e1ctica de 40 minutos.<\/strong><\/p>\n<p>El choque ante Hurac\u00e1n se acerca y el entrenador comienza a analizar variantes para encontrar el equipo del lunes. Por eso, esta ma\u00f1ana dispuso de una pr\u00e1ctica de f\u00fatbol ante el Selectivo de Milito. El &#8220;Rojo&#8221;, con un 4-4-2, form\u00f3 con:\u00a0<strong>Diego Rodr\u00edguez; Gabriel Vall\u00e9s, Samuel C\u00e1ceres, Claudio Morel Rodr\u00edguez, Lucas Villalba; Leonel Miranda, Mart\u00edn Zapata, Reinaldo Alderete, Federico Mancuello; Daniel Montenegro y Facundo Parra<\/strong>. Tras 40 minutos, el partido termin\u00f3 0 a 0.<\/p>\n<p>De todas formas, De Felippe se caracteriza por definir el equipo a \u00faltimo momento,<strong> por lo que resta esperar a las pr\u00e1cticas de ma\u00f1ana y el domingo para tener algunas certezas.<\/strong><\/p>\n<p>Respecto de los lesionados, <strong>Juli\u00e1n Vel\u00e1zquez hizo kinesiolog\u00eda por el desgarro que sufri\u00f3 en el aductor de su pierna derecha, mientras que Cristian Tula debi\u00f3 hacerse estudios por la tendinitis que lo aqueja desde el comienzo del torneo.<\/strong><\/p>\n<p>&nbsp;<\/p>\n<p>&nbsp;<\/p>\n","protected":false},"excerpt":{"rendered":"<p>El plantel de Independiente volvi\u00f3 a entrenarse esta ma\u00f1ana en Villa Dom\u00ednico y Omar De Felippe prob\u00f3 un equipo que empat\u00f3 0 a 0 ante el Selectivo de Milito en una pr\u00e1ctica de 40 minutos. El choque ante Hurac\u00e1n se acerca y el entrenador comienza a analizar variantes para encontrar el equipo del lunes. Por [&hellip;]<\/p>\n","protected":false},"author":11,"featured_media":36021,"comment_status":"closed","ping_status":"closed","sticky":false,"template":"","format":"standard","meta":{"_links_to":"","_links_to_target":""},"categories":[3,1],"tags":[42,310,2032,3279,172],"_links":{"self":[{"href":"https:\/\/www.locoxelrojo.com\/independiente\/wp-json\/wp\/v2\/posts\/36020"}],"collection":[{"href":"https:\/\/www.locoxelrojo.com\/independiente\/wp-json\/wp\/v2\/posts"}],"about":[{"href":"https:\/\/www.locoxelrojo.com\/independiente\/wp-json\/wp\/v2\/types\/post"}],"author":[{"embeddable":true,"href":"https:\/\/www.locoxelrojo.com\/independiente\/wp-json\/wp\/v2\/users\/11"}],"replies":[{"embeddable":true,"href":"https:\/\/www.locoxelrojo.com\/independiente\/wp-json\/wp\/v2\/comments?post=36020"}],"version-history":[{"count":0,"href":"https:\/\/www.locoxelrojo.com\/independiente\/wp-json\/wp\/v2\/posts\/36020\/revisions"}],"wp:featuredmedia":[{"embeddable":true,"href":"https:\/\/www.locoxelrojo.com\/independiente\/wp-json\/wp\/v2\/media\/36021"}],"wp:attachment":[{"href":"https:\/\/www.locoxelrojo.com\/independiente\/wp-json\/wp\/v2\/media?parent=36020"}],"wp:term":[{"taxonomy":"category","embeddable":true,"href":"https:\/\/www.locoxelrojo.com\/independiente\/wp-json\/wp\/v2\/categories?post=36020"},{"taxonomy":"post_tag","embeddable":true,"href":"https:\/\/www.locoxelrojo.com\/independiente\/wp-json\/wp\/v2\/tags?post=36020"}],"curies":[{"name":"wp","href":"https:\/\/api.w.org\/{rel}","templated":true}]}}