{"id":36104,"date":"2013-09-09T23:29:22","date_gmt":"2013-09-10T02:29:22","guid":{"rendered":"http:\/\/www.locoxelrojo.com.ar\/independiente\/?p=36104"},"modified":"2013-09-10T00:05:22","modified_gmt":"2013-09-10T03:05:22","slug":"caceres-anoche-sone-que-hoy-hacia-un-gol","status":"publish","type":"post","link":"https:\/\/www.locoxelrojo.com\/independiente\/2013\/09\/09\/caceres-anoche-sone-que-hoy-hacia-un-gol\/","title":{"rendered":"C\u00e1ceres: \u201cAnoche so\u00f1\u00e9 que hoy hac\u00eda un gol\u201d"},"content":{"rendered":"<p><strong>Samuel C\u00e1ceres habl\u00f3 con la prensa luego del partido y cont\u00f3 que so\u00f1\u00f3 que iba a convertir. \u201cAnoche so\u00f1\u00e9 que hoy hac\u00eda un gol\u201d, admiti\u00f3. El defensor, quien no iba a ser titular, debi\u00f3 figurar en el once inicial debido a la lesi\u00f3n de Cristian Tula.<\/strong><\/p>\n<p><strong>\u201cLe dije a muchos de mis familiares que hoy hac\u00eda un gol. Anoche lo so\u00f1\u00e9, pero que lo hac\u00eda de cabeza\u201d<\/strong>, expres\u00f3 el autor del \u00fanico gol de la noche, que le dio la primera victoria a Independiente en la B Nacional.<\/p>\n<p>Adem\u00e1s, coment\u00f3 que nunca perdi\u00f3 la ilusi\u00f3n de integrar la formaci\u00f3n inicial. <strong>\u201cSiempre tuve la confianza y la esperanza de jugar en cualquier momento cuando un compa\u00f1ero no est\u00e9. Esperaba poder ocupar yo ese lugar y hacerlo de la mejor manera, as\u00ed el t\u00e9cnico me puede seguir teniendo en cuenta\u201d<\/strong>, afirm\u00f3.<\/p>\n<p>Por \u00faltimo, el paraguayo reconoci\u00f3 que, a pesar de haber jugado mal, el equipo necesitaba un triunfo de cualquier forma. <strong>\u201cHac\u00eda falta esta victoria y de esta manera. La verdad, no jugamos bien. Ten\u00edamos uno de m\u00e1s, pero a veces tambi\u00e9n por la desesperaci\u00f3n y por querer ir a hacer el gol nos equivocamos y hacemos mal las cosas\u201d<\/strong>, concluy\u00f3.<\/p>\n","protected":false},"excerpt":{"rendered":"<p>Samuel C\u00e1ceres habl\u00f3 con la prensa luego del partido y cont\u00f3 que so\u00f1\u00f3 que iba a convertir. \u201cAnoche so\u00f1\u00e9 que hoy hac\u00eda un gol\u201d, admiti\u00f3. El defensor, quien no iba a ser titular, debi\u00f3 figurar en el once inicial debido a la lesi\u00f3n de Cristian Tula. \u201cLe dije a muchos de mis familiares que hoy [&hellip;]<\/p>\n","protected":false},"author":16,"featured_media":36140,"comment_status":"closed","ping_status":"closed","sticky":false,"template":"","format":"standard","meta":{"_links_to":"","_links_to_target":""},"categories":[3,1],"tags":[2227,153,310,192],"_links":{"self":[{"href":"https:\/\/www.locoxelrojo.com\/independiente\/wp-json\/wp\/v2\/posts\/36104"}],"collection":[{"href":"https:\/\/www.locoxelrojo.com\/independiente\/wp-json\/wp\/v2\/posts"}],"about":[{"href":"https:\/\/www.locoxelrojo.com\/independiente\/wp-json\/wp\/v2\/types\/post"}],"author":[{"embeddable":true,"href":"https:\/\/www.locoxelrojo.com\/independiente\/wp-json\/wp\/v2\/users\/16"}],"replies":[{"embeddable":true,"href":"https:\/\/www.locoxelrojo.com\/independiente\/wp-json\/wp\/v2\/comments?post=36104"}],"version-history":[{"count":0,"href":"https:\/\/www.locoxelrojo.com\/independiente\/wp-json\/wp\/v2\/posts\/36104\/revisions"}],"wp:featuredmedia":[{"embeddable":true,"href":"https:\/\/www.locoxelrojo.com\/independiente\/wp-json\/wp\/v2\/media\/36140"}],"wp:attachment":[{"href":"https:\/\/www.locoxelrojo.com\/independiente\/wp-json\/wp\/v2\/media?parent=36104"}],"wp:term":[{"taxonomy":"category","embeddable":true,"href":"https:\/\/www.locoxelrojo.com\/independiente\/wp-json\/wp\/v2\/categories?post=36104"},{"taxonomy":"post_tag","embeddable":true,"href":"https:\/\/www.locoxelrojo.com\/independiente\/wp-json\/wp\/v2\/tags?post=36104"}],"curies":[{"name":"wp","href":"https:\/\/api.w.org\/{rel}","templated":true}]}}