{"id":36325,"date":"2013-09-14T20:57:22","date_gmt":"2013-09-14T23:57:22","guid":{"rendered":"http:\/\/www.locoxelrojo.com.ar\/independiente\/?p=36325"},"modified":"2013-09-14T20:57:22","modified_gmt":"2013-09-14T23:57:22","slug":"parra-me-fastidia-no-tener-oportunidades-de-gol","status":"publish","type":"post","link":"https:\/\/www.locoxelrojo.com\/independiente\/2013\/09\/14\/parra-me-fastidia-no-tener-oportunidades-de-gol\/","title":{"rendered":"Parra: &#8220;Me fastidia no tener oportunidades de gol&#8221;"},"content":{"rendered":"<p>Facundo Parra<strong> reconoci\u00f3 que es un fastidio para \u00e9l no tener chances de gol en los partidos. Por otro lado, rescat\u00f3 el empate ante Banfield y entendi\u00f3 que el equipo ya debe pensar en el martes para visitar a Villa San Carlos.<\/strong><\/p>\n<p><strong>&#8220;Hablo con los chicos, como 9 yo no tengo oportunidades de gol. Me fastidia un poco eso, a los centrales no les pod\u00eda ganar una pelota. Lo importante es que el equipo va de menor a mayor&#8221;,\u00a0<\/strong>manifest\u00f3 el delantero en rueda de prensa.<strong> &#8220;Falta trabajar\u00a0y que nos entendamos un poco m\u00e1s. Los delanteros necesitamos tener la oportunidad de definir un partido, ya que por m\u00e1s que haga movimientos a veces no me encuentran&#8221;, <\/strong>agreg\u00f3.<\/p>\n<p>Luego, opin\u00f3 del punto obtenido y lo tom\u00f3 como positivo: <strong>&#8220;Creo que se gan\u00f3 un punto. Por como se dio el partido, con la derrota parcial y luego el empate, el punto vale.\u00a0Los dos intentaron, ellos tambi\u00e9n juegan bien. Con la \u00faltima del &#8216;Rolfi&#8217; lo podr\u00edamos haber ganado, pero ellos tambi\u00e9n tuvieron chances&#8221;.<\/strong><\/p>\n<p>Adem\u00e1s, rescat\u00f3 la entrega de los jugadores en los 90 minutos: <strong>&#8220;El equipo respondi\u00f3, tuvo actitud. Intentamos jugar, pero en algunos momentos no sali\u00f3. Creo que el primer tiempo no merecimos habernos ido abajo, pero en el segundo tiempo pudimos igualarlo&#8221;.<\/strong><\/p>\n<p>Finalmente, pidi\u00f3 pasar a otra p\u00e1gina y pensar en el choque del pr\u00f3ximo martes ante Villa San Carlos<strong>. &#8220;Tenemos que poner la cabeza ya en el partido del martes. Va a ser dif\u00edcil, en una cancha complicada, ante un rival que va a querer ganarnos&#8221;, <\/strong>concluy\u00f3.<\/p>\n<p>&nbsp;<\/p>\n","protected":false},"excerpt":{"rendered":"<p>Facundo Parra reconoci\u00f3 que es un fastidio para \u00e9l no tener chances de gol en los partidos. Por otro lado, rescat\u00f3 el empate ante Banfield y entendi\u00f3 que el equipo ya debe pensar en el martes para visitar a Villa San Carlos. &#8220;Hablo con los chicos, como 9 yo no tengo oportunidades de gol. Me [&hellip;]<\/p>\n","protected":false},"author":11,"featured_media":36350,"comment_status":"closed","ping_status":"closed","sticky":false,"template":"","format":"standard","meta":{"_links_to":"","_links_to_target":""},"categories":[3,1],"tags":[2227,677,153,36],"_links":{"self":[{"href":"https:\/\/www.locoxelrojo.com\/independiente\/wp-json\/wp\/v2\/posts\/36325"}],"collection":[{"href":"https:\/\/www.locoxelrojo.com\/independiente\/wp-json\/wp\/v2\/posts"}],"about":[{"href":"https:\/\/www.locoxelrojo.com\/independiente\/wp-json\/wp\/v2\/types\/post"}],"author":[{"embeddable":true,"href":"https:\/\/www.locoxelrojo.com\/independiente\/wp-json\/wp\/v2\/users\/11"}],"replies":[{"embeddable":true,"href":"https:\/\/www.locoxelrojo.com\/independiente\/wp-json\/wp\/v2\/comments?post=36325"}],"version-history":[{"count":0,"href":"https:\/\/www.locoxelrojo.com\/independiente\/wp-json\/wp\/v2\/posts\/36325\/revisions"}],"wp:featuredmedia":[{"embeddable":true,"href":"https:\/\/www.locoxelrojo.com\/independiente\/wp-json\/wp\/v2\/media\/36350"}],"wp:attachment":[{"href":"https:\/\/www.locoxelrojo.com\/independiente\/wp-json\/wp\/v2\/media?parent=36325"}],"wp:term":[{"taxonomy":"category","embeddable":true,"href":"https:\/\/www.locoxelrojo.com\/independiente\/wp-json\/wp\/v2\/categories?post=36325"},{"taxonomy":"post_tag","embeddable":true,"href":"https:\/\/www.locoxelrojo.com\/independiente\/wp-json\/wp\/v2\/tags?post=36325"}],"curies":[{"name":"wp","href":"https:\/\/api.w.org\/{rel}","templated":true}]}}