{"id":36396,"date":"2013-09-15T18:46:18","date_gmt":"2013-09-15T21:46:18","guid":{"rendered":"http:\/\/www.locoxelrojo.com.ar\/independiente\/?p=36396"},"modified":"2013-09-15T20:14:21","modified_gmt":"2013-09-15T23:14:21","slug":"independiente-no-descansa","status":"publish","type":"post","link":"https:\/\/www.locoxelrojo.com\/independiente\/2013\/09\/15\/independiente-no-descansa\/","title":{"rendered":"Independiente no descansa"},"content":{"rendered":"<p><strong>El plantel de Independiente no se toma descanso y esta ma\u00f1ana entren\u00f3 en el predio de Villa Dom\u00ednico, de cara al partido ante Villa San Carlos del pr\u00f3ximo martes.<\/strong><\/p>\n<p>Luego del empate de ayer frente a Banfield, el &#8220;Rojo&#8221; no tuvo respiro ya que la semana de trabajo es muy corta. <strong>El martes tiene que visitar a Villa San Carlos por la fecha 8 de la B Nacional y a\u00fan hay mucho que mejorar.<\/strong><\/p>\n<p><strong>Aquellos que jugaron con el &#8220;Taladro&#8221; trabajaron en el gimnasio, mientras que el resto realiz\u00f3 f\u00fatbol en una de las canchas del predio. La mala noticia para Omar De Felippe es que no podr\u00e1 contar con Federico Mancuello. Se confirm\u00f3 que el volante presenta una contractura en el cu\u00e1driceps y qued\u00f3 descartado para el martes<\/strong>. Otros que se lo pierden son Juli\u00e1n Vel\u00e1zquez y Cristian Tula.<\/p>\n<p>Por su parte, <strong>Juan Manuel Trejo ya est\u00e1 recuperado de la distensi\u00f3n y se gan\u00f3 un lugar entre los concentrados. Tambi\u00e9n regresan a la lista Mart\u00edn Ben\u00edtez y Marcelo Vidal.<\/strong><\/p>\n","protected":false},"excerpt":{"rendered":"<p>El plantel de Independiente no se toma descanso y esta ma\u00f1ana entren\u00f3 en el predio de Villa Dom\u00ednico, de cara al partido ante Villa San Carlos del pr\u00f3ximo martes. Luego del empate de ayer frente a Banfield, el &#8220;Rojo&#8221; no tuvo respiro ya que la semana de trabajo es muy corta. El martes tiene que [&hellip;]<\/p>\n","protected":false},"author":1,"featured_media":36397,"comment_status":"closed","ping_status":"closed","sticky":false,"template":"","format":"standard","meta":{"_links_to":"","_links_to_target":""},"categories":[3,1],"tags":[26,48,2032,172],"_links":{"self":[{"href":"https:\/\/www.locoxelrojo.com\/independiente\/wp-json\/wp\/v2\/posts\/36396"}],"collection":[{"href":"https:\/\/www.locoxelrojo.com\/independiente\/wp-json\/wp\/v2\/posts"}],"about":[{"href":"https:\/\/www.locoxelrojo.com\/independiente\/wp-json\/wp\/v2\/types\/post"}],"author":[{"embeddable":true,"href":"https:\/\/www.locoxelrojo.com\/independiente\/wp-json\/wp\/v2\/users\/1"}],"replies":[{"embeddable":true,"href":"https:\/\/www.locoxelrojo.com\/independiente\/wp-json\/wp\/v2\/comments?post=36396"}],"version-history":[{"count":0,"href":"https:\/\/www.locoxelrojo.com\/independiente\/wp-json\/wp\/v2\/posts\/36396\/revisions"}],"wp:featuredmedia":[{"embeddable":true,"href":"https:\/\/www.locoxelrojo.com\/independiente\/wp-json\/wp\/v2\/media\/36397"}],"wp:attachment":[{"href":"https:\/\/www.locoxelrojo.com\/independiente\/wp-json\/wp\/v2\/media?parent=36396"}],"wp:term":[{"taxonomy":"category","embeddable":true,"href":"https:\/\/www.locoxelrojo.com\/independiente\/wp-json\/wp\/v2\/categories?post=36396"},{"taxonomy":"post_tag","embeddable":true,"href":"https:\/\/www.locoxelrojo.com\/independiente\/wp-json\/wp\/v2\/tags?post=36396"}],"curies":[{"name":"wp","href":"https:\/\/api.w.org\/{rel}","templated":true}]}}