{"id":3640,"date":"2010-12-26T16:20:15","date_gmt":"2010-12-26T18:20:15","guid":{"rendered":"http:\/\/www.locoxelrojo.com.ar\/independiente\/?p=3640"},"modified":"2010-12-27T05:16:12","modified_gmt":"2010-12-27T07:16:12","slug":"en-napoles-aseguran-que-denis-y-comparada-llegaron-a-un-acuerdo","status":"publish","type":"post","link":"https:\/\/www.locoxelrojo.com\/independiente\/2010\/12\/26\/en-napoles-aseguran-que-denis-y-comparada-llegaron-a-un-acuerdo\/","title":{"rendered":"En Napoles aseguran que Denis y Comparada llegaron a un acuerdo"},"content":{"rendered":"<p><a href=\"http:\/\/www.locoxelrojo.com.ar\/independiente\/wp-content\/uploads\/2010\/12\/denis.jpg\"><img loading=\"lazy\" class=\"alignnone size-full wp-image-3641\" title=\"denis\" src=\"http:\/\/www.locoxelrojo.com.ar\/independiente\/wp-content\/uploads\/2010\/12\/denis.jpg\" alt=\"\" width=\"550\" height=\"315\" srcset=\"https:\/\/locoxelrojo.com\/independiente\/wp-content\/uploads\/2010\/12\/denis.jpg 550w, https:\/\/locoxelrojo.com\/independiente\/wp-content\/uploads\/2010\/12\/denis-300x171.jpg 300w\" sizes=\"(max-width: 550px) 100vw, 550px\" \/><\/a><\/p>\n<p>LocoxelRojo dialog\u00f3 con una <a href=\"http:\/\/www.facebook.com\/people\/Maria-Merone\/1595582482\">periodista napolitana<\/a> y asegur\u00f3 que solo resta la confirmaci\u00f3n del Udinese para que Denis sea jugador de Independiente nuevamente. De hecho, por estas horas, el sitio Iamnapoles.It informa: &#8220;El presidente de la Independiente ha encontrado el acuerdo con Denis  para el regreso de &#8220;El tanque&#8221;. S\u00f3lo falta el <em>okey<\/em> de Udinese&#8221;.<\/p>\n<p>Si bien esta informaci\u00f3n era conocida, el medio de noticias napolitano agrega con seguridad: &#8220;Denis  disputar\u00e1 el campeonato Clausura y la Copa Libertadores,  despu\u00e9s de que el independiente ha ganado la Copa sudamericana.&#8221;<\/p>\n","protected":false},"excerpt":{"rendered":"<p>LocoxelRojo dialog\u00f3 con una periodista napolitana y asegur\u00f3 que solo resta la confirmaci\u00f3n del Udinese para que Denis sea jugador de Independiente nuevamente. De hecho, por estas horas, el sitio Iamnapoles.It informa: &#8220;El presidente de la Independiente ha encontrado el acuerdo con Denis para el regreso de &#8220;El tanque&#8221;. S\u00f3lo falta el okey de Udinese&#8221;. [&hellip;]<\/p>\n","protected":false},"author":1,"featured_media":0,"comment_status":"open","ping_status":"open","sticky":false,"template":"","format":"standard","meta":{"_links_to":"","_links_to_target":""},"categories":[3,1],"tags":[153,397,418],"_links":{"self":[{"href":"https:\/\/www.locoxelrojo.com\/independiente\/wp-json\/wp\/v2\/posts\/3640"}],"collection":[{"href":"https:\/\/www.locoxelrojo.com\/independiente\/wp-json\/wp\/v2\/posts"}],"about":[{"href":"https:\/\/www.locoxelrojo.com\/independiente\/wp-json\/wp\/v2\/types\/post"}],"author":[{"embeddable":true,"href":"https:\/\/www.locoxelrojo.com\/independiente\/wp-json\/wp\/v2\/users\/1"}],"replies":[{"embeddable":true,"href":"https:\/\/www.locoxelrojo.com\/independiente\/wp-json\/wp\/v2\/comments?post=3640"}],"version-history":[{"count":0,"href":"https:\/\/www.locoxelrojo.com\/independiente\/wp-json\/wp\/v2\/posts\/3640\/revisions"}],"wp:attachment":[{"href":"https:\/\/www.locoxelrojo.com\/independiente\/wp-json\/wp\/v2\/media?parent=3640"}],"wp:term":[{"taxonomy":"category","embeddable":true,"href":"https:\/\/www.locoxelrojo.com\/independiente\/wp-json\/wp\/v2\/categories?post=3640"},{"taxonomy":"post_tag","embeddable":true,"href":"https:\/\/www.locoxelrojo.com\/independiente\/wp-json\/wp\/v2\/tags?post=3640"}],"curies":[{"name":"wp","href":"https:\/\/api.w.org\/{rel}","templated":true}]}}