{"id":3644,"date":"2010-12-27T00:01:32","date_gmt":"2010-12-27T02:01:32","guid":{"rendered":"http:\/\/www.locoxelrojo.com.ar\/independiente\/?p=3644"},"modified":"2015-09-09T15:55:56","modified_gmt":"2015-09-09T18:55:56","slug":"ivan-velez-voy-a-dejarlo-todo","status":"publish","type":"post","link":"https:\/\/www.locoxelrojo.com\/independiente\/2010\/12\/27\/ivan-velez-voy-a-dejarlo-todo\/","title":{"rendered":"V\u00e9lez: &#8220;Voy a dejarlo todo&#8221;"},"content":{"rendered":"<p><a href=\"http:\/\/www.locoxelrojo.com.ar\/independiente\/wp-content\/uploads\/2010\/12\/ivanvelez1.jpg\"><img loading=\"lazy\" class=\"alignnone size-full wp-image-3645\" title=\"ivanvelez\" src=\"http:\/\/www.locoxelrojo.com.ar\/independiente\/wp-content\/uploads\/2010\/12\/ivanvelez1.jpg\" alt=\"\" width=\"550\" height=\"315\" srcset=\"https:\/\/locoxelrojo.com\/independiente\/wp-content\/uploads\/2010\/12\/ivanvelez1.jpg 550w, https:\/\/locoxelrojo.com\/independiente\/wp-content\/uploads\/2010\/12\/ivanvelez1-300x171.jpg 300w\" sizes=\"(max-width: 550px) 100vw, 550px\" \/><\/a><\/p>\n<p>El volante derecho, primera incorporaci\u00f3n del Club Atl\u00e9tico Independiente habl\u00f3 con Independiente de Am\u00e9rica en Radio el Mundo (domingos de 22 a 24 por AM 1070, Radio el Mundo) y dijo:<strong> &#8220;me cay\u00f3 de sorpresa, estoy contento de poder llegar a una instituci\u00f3n tan grande. Estoy agradecido con el t\u00e9cnico de tenerme en sus planes. Espero poder llenar las expectativas de la hinchada. Voy a esmerarme en lo personal para dar lo mejor.&#8221;<\/strong><\/p>\n<p>Respecto a sus conocimientos sobre el club, el colombiano tiene muy en claro la historia asi como tambi\u00e9n la cantidad de competencia que habr\u00e1 en 2011: &#8220;<strong>Independiente es un equipo grande, solo con verlo en la Sudamericana me di cuenta por c\u00f3mo se mueve y como llena la retina del p\u00fablico. Es el Rey de Copas y lo veo con optimismo y ganas. Han pasado colombianos que han dejado recuerdos como Usuriaga y Mondragon.<br \/>\nS\u00e9 que tenemos la pre Libertadores a comienzo del semestre, la veo con mucho optimismo al igual que la Recopa, el torneo en Jap\u00f3n y la Copa Sudamericana de nuevo.&#8221;<\/strong><\/p>\n<p>Cuando le preguntaron por sus referencias personales, el 8 se explay\u00f3: &#8220;<strong>tengo 26 a\u00f1os debut\u00e9 a los 19 en Deportes Unidos, un equipo chico colombiano. Me mostr\u00e9 en el medio y pas\u00e9 al Am\u00e9rica de Cali, los diablos rojos. Ahora estoy contento de ir a los diablos rojos de Avellaneda. Fui subcampe\u00f3n y campe\u00f3n en el mismo a\u00f1o, jugu\u00e9 la Libertadores 2009 y pas\u00e9 al Once\u00a0 Caldas, el equipo de la d\u00e9cada que gan\u00f3 3 t\u00edtulos y una Libertadores&#8221;<\/strong><\/p>\n<p>En cuanto al juego, V\u00e9lez explic\u00f3 que le gusta ir al ataque pero no se olvida de que su funci\u00f3n es marcar.<strong> &#8220;Busco llegar a posici\u00f3n para poder asistir o anotar. Con 3 atr\u00e1s tenes m\u00e1s respaldo y libertad para ir al ataque, con linea de 4 marco, en el 3 tengo ida y vuelta.&#8221;<\/strong> Llamativamente, el jugador cont\u00f3 que no tuvo la posibilidad de hablar con el t\u00e9cnico.<strong> &#8220;No me he comunicado con Mohamed pero estoy muy agradecido porque me tuvo en cuenta. Estoy tranquilo y espero poder responderle la confianza que me dio.&#8221;<\/strong><\/p>\n<p>Para finalizar, el colombiano agradeci\u00f3 a los dirigentes.<strong> &#8220;Charl\u00e9 con la comisi\u00f3n directiva y estoy contento con el trato que me dieron, de un d\u00eda para otro fui e hice todo lo que ten\u00eda que hacer. Volv\u00ed a mi casa porque acabo de tener una nena que tiene 13 d\u00edas.&#8221;<\/strong><\/p>\n<p>LocoxelRojo hab\u00eda apodado correcaminos a Nicol\u00e1s Cabrera por su ida y vuelta durante las fases finales de la Copa Sudamericana. Ahora, tendr\u00e1 competencia. Es que a V\u00e9lez, los medios colombianos lo apodan igual.\u00a0 Y V\u00e9lez sabe a donde llega: <strong>&#8220;el futbol argentino es aguerrido, el jugador no da bal\u00f3n por perdido, se lucha, se entrega pero se juega. Hay jugadores de buen manejo de pelota y que marcan diferencia, por algo son tantos en Europa.&#8221;<\/strong>, cerr\u00f3.<\/p>\n","protected":false},"excerpt":{"rendered":"<p>El volante derecho, primera incorporaci\u00f3n del Club Atl\u00e9tico Independiente habl\u00f3 con Independiente de Am\u00e9rica en Radio el Mundo (domingos de 22 a 24 por AM 1070, Radio el Mundo) y dijo: &#8220;me cay\u00f3 de sorpresa, estoy contento de poder llegar a una instituci\u00f3n tan grande. Estoy agradecido con el t\u00e9cnico de tenerme en sus planes. [&hellip;]<\/p>\n","protected":false},"author":1,"featured_media":0,"comment_status":"open","ping_status":"open","sticky":false,"template":"","format":"standard","meta":{"_links_to":"","_links_to_target":""},"categories":[3,1],"tags":[153,419,412,420],"_links":{"self":[{"href":"https:\/\/www.locoxelrojo.com\/independiente\/wp-json\/wp\/v2\/posts\/3644"}],"collection":[{"href":"https:\/\/www.locoxelrojo.com\/independiente\/wp-json\/wp\/v2\/posts"}],"about":[{"href":"https:\/\/www.locoxelrojo.com\/independiente\/wp-json\/wp\/v2\/types\/post"}],"author":[{"embeddable":true,"href":"https:\/\/www.locoxelrojo.com\/independiente\/wp-json\/wp\/v2\/users\/1"}],"replies":[{"embeddable":true,"href":"https:\/\/www.locoxelrojo.com\/independiente\/wp-json\/wp\/v2\/comments?post=3644"}],"version-history":[{"count":0,"href":"https:\/\/www.locoxelrojo.com\/independiente\/wp-json\/wp\/v2\/posts\/3644\/revisions"}],"wp:attachment":[{"href":"https:\/\/www.locoxelrojo.com\/independiente\/wp-json\/wp\/v2\/media?parent=3644"}],"wp:term":[{"taxonomy":"category","embeddable":true,"href":"https:\/\/www.locoxelrojo.com\/independiente\/wp-json\/wp\/v2\/categories?post=3644"},{"taxonomy":"post_tag","embeddable":true,"href":"https:\/\/www.locoxelrojo.com\/independiente\/wp-json\/wp\/v2\/tags?post=3644"}],"curies":[{"name":"wp","href":"https:\/\/api.w.org\/{rel}","templated":true}]}}