{"id":3647,"date":"2010-12-27T00:26:19","date_gmt":"2010-12-27T02:26:19","guid":{"rendered":"http:\/\/www.locoxelrojo.com.ar\/independiente\/?p=3647"},"modified":"2015-09-09T15:56:16","modified_gmt":"2015-09-09T18:56:16","slug":"battafaranotenemos-muchas-ganas-de-avanzar-con-algun-refuerzo-antes-de-fin-de-ano","status":"publish","type":"post","link":"https:\/\/www.locoxelrojo.com\/independiente\/2010\/12\/27\/battafaranotenemos-muchas-ganas-de-avanzar-con-algun-refuerzo-antes-de-fin-de-ano\/","title":{"rendered":"Battafarano: &#8220;Tenemos muchas ganas de avanzar con alg\u00fan refuerzo antes de fin de a\u00f1o&#8221;"},"content":{"rendered":"<p><a href=\"http:\/\/www.locoxelrojo.com.ar\/independiente\/wp-content\/uploads\/2010\/12\/battafarano.jpg\"><img loading=\"lazy\" class=\"alignnone size-full wp-image-3648\" title=\"battafarano\" src=\"http:\/\/www.locoxelrojo.com.ar\/independiente\/wp-content\/uploads\/2010\/12\/battafarano.jpg\" alt=\"\" width=\"550\" height=\"315\" srcset=\"https:\/\/locoxelrojo.com\/independiente\/wp-content\/uploads\/2010\/12\/battafarano.jpg 550w, https:\/\/locoxelrojo.com\/independiente\/wp-content\/uploads\/2010\/12\/battafarano-300x171.jpg 300w\" sizes=\"(max-width: 550px) 100vw, 550px\" \/><\/a><\/p>\n<p>Leando Battafarano dialog\u00f3 con <em>Independiente de Am\u00e9rica<\/em> (domingos de 22 a 24 por Radio El Mundo AM 1070) y cont\u00f3 que<strong> &#8220;hace 2 o 3 meses que ven\u00edamos siguiendo a Iv\u00e1n V\u00e9lez, ni bien lleg\u00f3 Mohamed sab\u00edamos que \u00edbamos a tener que reforzar ese sector. Nos lo hab\u00edan ofrecido hace mucho tiempo y lo empezamos a seguir, para Independiente es negocio porque el jugador quedaba libre a fin de a\u00f1o. A \u00faltimo momento hab\u00eda aparecido una oferta del Corinthians por \u00e9l y decidi\u00f3 venir ac\u00e1. Por suerte lo pudimos mantener en secreto y cerrarlo de cara a la pretemporada. El contrato de V\u00e9lez es por un a\u00f1o y tenemos opci\u00f3n por el 50% del pase.&#8221;<\/strong><\/p>\n<p>Respecto a Denis, el encargado del f\u00fatbol profesional del club dijo:<strong> &#8220;el Tanque cuando nos llam\u00f3 para felicitarnos por el t\u00edtulo autom\u00e1ticamente nos dijo que quer\u00eda venir a jugar la Copa, Julio estuvo reunido. Tiene un cari\u00f1o muy grande y se puso a trabajar para que venga. Sabemos que es dif\u00edcil porque depende del Udinese. Le preguntamos a Leo Rodr\u00edguez -su representante- las voluntades para negociar. Primero tenemos que saber si est\u00e1n con ganas de prestarlo, ojal\u00e1 podamos negociar y que no nos digan que no de entrada.&#8221;<\/strong><\/p>\n<p>Sobre De Federico, Battafarano manifest\u00f3 que<strong> &#8220;hay muchos jugadores que son de Independiente a los que no se los trae por ser hincha. Es bueno que De Federico diga que es hincha porque es un gran jugador. A mi y al turco nos interesa y veremos si empezamos a negociar por \u00e9l. Tenemos muchas ganas de avanzar con alg\u00fan refuerzo antes de fin de a\u00f1o. La idea es tener uno m\u00e1s antes del inicio de la pretemporada.&#8221;<\/strong>.<\/p>\n<p>Battafarano tambi\u00e9n desminti\u00f3 que la fecha para disputar el Suruga Bank Cup en Jap\u00f3n est\u00e9 confirmada. <strong>&#8220;La fecha del 3 de agosto no est\u00e1 confirmada, vamos a tratar de tenerla en los pr\u00f3ximos d\u00edas para diagramar el viaje.&#8221;<\/strong> Lo mismo sucede con el encuentro frente a Tigre. <strong>&#8220;Tigre depende del repechaje, puede ser la semana previa al inicio del torneo o en la primera semana de torneo. Estamos pensando en jugarlo el mi\u00e9rcoles antes o despu\u00e9s del partido con V\u00e9lez.&#8221;<\/strong><\/p>\n<p>Justamente, de dicho encuentro depender\u00e1 la cantidad de refuerzos que Independiente incorpore. <strong>&#8220;Tenemos que ser inteligentes, confiamos plenamente en pasar el repechaje pero si tenemos la mala suerte de no pasar el plantel quedar\u00eda muy cargado para enfrentar un torneo solo en todo el semestre. Si el mercado lo permite vamos a dejar alg\u00fan cupo para despu\u00e9s del repechaje<\/strong>&#8220;, explic\u00f3.<\/p>\n<p>LocoxelRojo marcaba esta ma\u00f1ana que no hab\u00eda ofertas oficiales por ning\u00fan jugador y Battafarano asinti\u00f3 al respecto con<em> Independiente de Am\u00e9rica.<\/em> <strong>&#8220;No lleg\u00f3 ning\u00fan fax con el monto pidiendo un jugador. Si la oferta es buena para el club y el jugador, Independiente va a vender. El mercado lo maneja el comprador. El arquero y la defensa son los puestos que mejor tenemos cubiertos y no lo sufrir\u00edamos.&#8221;<br \/>\n<\/strong><br \/>\nEl \u00faltimo tema importante que trat\u00f3 Battafarano fue el de los contratos. &#8220;<strong>Con Cuqui hablamos hace poco y en cuanto vuelva va a firmar el contrato. Seguramente sea por 2 a\u00f1os. Tuzzio tiene contrato y a Mareque se le vence en junio. Estamos encaminados, en la pretemporada seguramente cerremos con \u00e9l tambi\u00e9n&#8221;<\/strong>.<\/p>\n<p>Est\u00e1 confirmado que Independiente practicar\u00e1 en el Villa Marisa y en el Hotel Amerian porque queda lejos del centro. <strong>&#8220;A la ma\u00f1ana vamos a ir para el lado del faro a hacer lo f\u00edsico y a la tarde para Villa Marisa, el hotel es c\u00f3modo para movernos&#8221;<\/strong>, cerr\u00f3.<\/p>\n","protected":false},"excerpt":{"rendered":"<p>Leando Battafarano dialog\u00f3 con Independiente de Am\u00e9rica (domingos de 22 a 24 por Radio El Mundo AM 1070) y cont\u00f3 que &#8220;hace 2 o 3 meses que ven\u00edamos siguiendo a Iv\u00e1n V\u00e9lez, ni bien lleg\u00f3 Mohamed sab\u00edamos que \u00edbamos a tener que reforzar ese sector. Nos lo hab\u00edan ofrecido hace mucho tiempo y lo empezamos [&hellip;]<\/p>\n","protected":false},"author":1,"featured_media":0,"comment_status":"open","ping_status":"open","sticky":false,"template":"","format":"standard","meta":{"_links_to":"","_links_to_target":""},"categories":[3,1],"tags":[153,419,53,420],"_links":{"self":[{"href":"https:\/\/www.locoxelrojo.com\/independiente\/wp-json\/wp\/v2\/posts\/3647"}],"collection":[{"href":"https:\/\/www.locoxelrojo.com\/independiente\/wp-json\/wp\/v2\/posts"}],"about":[{"href":"https:\/\/www.locoxelrojo.com\/independiente\/wp-json\/wp\/v2\/types\/post"}],"author":[{"embeddable":true,"href":"https:\/\/www.locoxelrojo.com\/independiente\/wp-json\/wp\/v2\/users\/1"}],"replies":[{"embeddable":true,"href":"https:\/\/www.locoxelrojo.com\/independiente\/wp-json\/wp\/v2\/comments?post=3647"}],"version-history":[{"count":0,"href":"https:\/\/www.locoxelrojo.com\/independiente\/wp-json\/wp\/v2\/posts\/3647\/revisions"}],"wp:attachment":[{"href":"https:\/\/www.locoxelrojo.com\/independiente\/wp-json\/wp\/v2\/media?parent=3647"}],"wp:term":[{"taxonomy":"category","embeddable":true,"href":"https:\/\/www.locoxelrojo.com\/independiente\/wp-json\/wp\/v2\/categories?post=3647"},{"taxonomy":"post_tag","embeddable":true,"href":"https:\/\/www.locoxelrojo.com\/independiente\/wp-json\/wp\/v2\/tags?post=3647"}],"curies":[{"name":"wp","href":"https:\/\/api.w.org\/{rel}","templated":true}]}}