{"id":36497,"date":"2013-09-18T21:20:49","date_gmt":"2013-09-19T00:20:49","guid":{"rendered":"http:\/\/www.locoxelrojo.com.ar\/independiente\/?p=36497"},"modified":"2015-10-09T22:11:50","modified_gmt":"2015-10-10T01:11:50","slug":"ficha-del-partido-vs-villa-san-carlos","status":"publish","type":"post","link":"https:\/\/www.locoxelrojo.com\/independiente\/2013\/09\/18\/ficha-del-partido-vs-villa-san-carlos\/","title":{"rendered":"Ficha del partido vs. Villa San Carlos"},"content":{"rendered":"<p><strong>Villa San Carlos (0):<\/strong> Gast\u00f3n Sessa; Cristian Piarrou, Federico Slezack, Gonzalo Soto, Mauro Raverta; Gonzalo Raverta, Santiago Sommariva, Emiliano M\u00e9ndez, Ezequiel Melillo; Nahuel Fernandes Silva y Mart\u00edn Troncoso.\u00a0DT: Ricardo Rezza.<\/p>\n<p><strong>Independiente (1):<\/strong> Diego Rodr\u00edguez; Gabriel Vall\u00e9s, Samuel C\u00e1ceres, Claudio Morel Rodr\u00edguez, Lucas Villalba; Mat\u00edas Pisano, Mart\u00edn Zapata, Franco Razzotti, Fabi\u00e1n Monserrat; Daniel Montenegro y Facundo Parra.\u00a0DT: Omar De Felippe.<\/p>\n<p><strong>Goles:<\/strong>\u00a026&#8242; PT Daniel Montenegro (I).<\/p>\n<p><strong>Cambios:<\/strong> 8&#8242; ST Gino Clara por Melillo (VSC) y Guido Rancez por E. M\u00e9ndez (VSC), 28&#8242; ST Sebasti\u00e1n Penco por Parra (I), 30&#8242; ST Leandro Sapetti por M. Raverta (VSC), 37&#8242; ST Juan Manuel Trejo por Montenegro (I) y 43&#8242; ST Marcelo Vidal por Zapata (I).<\/p>\n<p><strong>Amonestados:<\/strong> 28&#8242; PT M. Raverta (VSC), 40&#8242; PT Troncoso (VSC), 42&#8242; PT Parra (I) y E.\u00a0M\u00e9ndez (VSC), 3&#8242; ST Villalba (I) y 33&#8242; ST Monserrat (I).<\/p>\n<p><strong>Expulsados:<\/strong> No hubo.<\/p>\n<p><strong>\u00c1rbitro:<\/strong> Juan Pablo Pompei.<\/p>\n<p><strong>Estadio:<\/strong> Juan Carmelo Zerillo (Gimnasia de La Plata)<\/p>\n","protected":false},"excerpt":{"rendered":"<p>Villa San Carlos (0): Gast\u00f3n Sessa; Cristian Piarrou, Federico Slezack, Gonzalo Soto, Mauro Raverta; Gonzalo Raverta, Santiago Sommariva, Emiliano M\u00e9ndez, Ezequiel Melillo; Nahuel Fernandes Silva y Mart\u00edn Troncoso.\u00a0DT: Ricardo Rezza. Independiente (1): Diego Rodr\u00edguez; Gabriel Vall\u00e9s, Samuel C\u00e1ceres, Claudio Morel Rodr\u00edguez, Lucas Villalba; Mat\u00edas Pisano, Mart\u00edn Zapata, Franco Razzotti, Fabi\u00e1n Monserrat; Daniel Montenegro y Facundo [&hellip;]<\/p>\n","protected":false},"author":11,"featured_media":36501,"comment_status":"closed","ping_status":"closed","sticky":false,"template":"","format":"standard","meta":{"_links_to":"","_links_to_target":""},"categories":[1988,3,1],"tags":[2330,153,295,70,2316],"_links":{"self":[{"href":"https:\/\/www.locoxelrojo.com\/independiente\/wp-json\/wp\/v2\/posts\/36497"}],"collection":[{"href":"https:\/\/www.locoxelrojo.com\/independiente\/wp-json\/wp\/v2\/posts"}],"about":[{"href":"https:\/\/www.locoxelrojo.com\/independiente\/wp-json\/wp\/v2\/types\/post"}],"author":[{"embeddable":true,"href":"https:\/\/www.locoxelrojo.com\/independiente\/wp-json\/wp\/v2\/users\/11"}],"replies":[{"embeddable":true,"href":"https:\/\/www.locoxelrojo.com\/independiente\/wp-json\/wp\/v2\/comments?post=36497"}],"version-history":[{"count":0,"href":"https:\/\/www.locoxelrojo.com\/independiente\/wp-json\/wp\/v2\/posts\/36497\/revisions"}],"wp:featuredmedia":[{"embeddable":true,"href":"https:\/\/www.locoxelrojo.com\/independiente\/wp-json\/wp\/v2\/media\/36501"}],"wp:attachment":[{"href":"https:\/\/www.locoxelrojo.com\/independiente\/wp-json\/wp\/v2\/media?parent=36497"}],"wp:term":[{"taxonomy":"category","embeddable":true,"href":"https:\/\/www.locoxelrojo.com\/independiente\/wp-json\/wp\/v2\/categories?post=36497"},{"taxonomy":"post_tag","embeddable":true,"href":"https:\/\/www.locoxelrojo.com\/independiente\/wp-json\/wp\/v2\/tags?post=36497"}],"curies":[{"name":"wp","href":"https:\/\/api.w.org\/{rel}","templated":true}]}}