{"id":365,"date":"2010-08-23T17:20:23","date_gmt":"2010-08-23T20:20:23","guid":{"rendered":"http:\/\/www.locoxelrojo.com.ar\/independiente\/?p=365"},"modified":"2015-09-08T22:19:29","modified_gmt":"2015-09-09T01:19:29","slug":"trabajando-para-el-debut-en-la-copa-sudamericana","status":"publish","type":"post","link":"https:\/\/www.locoxelrojo.com\/independiente\/2010\/08\/23\/trabajando-para-el-debut-en-la-copa-sudamericana\/","title":{"rendered":"Trabajando para el debut en la Copa Sudamericana"},"content":{"rendered":"<p><a href=\"http:\/\/www.locoxelrojo.com.ar\/independiente\/wp-content\/uploads\/2010\/08\/gracian1.jpg\"><img loading=\"lazy\" class=\"alignnone size-full wp-image-366\" title=\"gracian1\" src=\"http:\/\/www.locoxelrojo.com.ar\/independiente\/wp-content\/uploads\/2010\/08\/gracian1.jpg\" alt=\"\" width=\"550\" height=\"315\" srcset=\"https:\/\/locoxelrojo.com\/independiente\/wp-content\/uploads\/2010\/08\/gracian1.jpg 550w, https:\/\/locoxelrojo.com\/independiente\/wp-content\/uploads\/2010\/08\/gracian1-300x171.jpg 300w\" sizes=\"(max-width: 550px) 100vw, 550px\" \/><\/a><\/p>\n<p>Un d\u00eda despu\u00e9s de la derrota frente a River, el plantel profesional no tuvo descanso realiz\u00f3 la practica de cara al debut en la Copa Sudamericana frente a Argentinos Juniors.<\/p>\n<p>Los titulares frente a River realizaron trabajos regenerativos. Mientras el resto se mov\u00eda bajo las ordenes de Garnero. <strong>En la pr\u00e1ctica de hoy, apareci\u00f3 el personaje que faltaba. Uno de los responsables del f\u00fatbol profesional de Independiente Leandro Battafarano, quien actualmente ocupa el cargo de Presidente del Departamento de F\u00fatbol Profesional. No dio declaraciones y tuvo poco dialogo con el plantel y con el cuerpo t\u00e9cnico, pero su presencia fue para brindar apoyo en este momento.<\/strong><\/p>\n<p>Uno de los que habl\u00f3 con la prensa tras la practica fue Leandro Graci\u00e1n, quien trabajo toda la semana pasada en forma diferenciada por un problema en el isquiotibial y ayer debi\u00f3 abandonar la cancha por el mismo problema a los pocos minutos de haber comenzado el segundo tiempo. <strong>\u201cNo hay que ser tan pesimistas. En el 2007 me toc\u00f3 vivir un arranque as\u00ed en Boca y sin embargo logramos revertir la situaci\u00f3n y nos quedamos con el t\u00edtulo\u201d<\/strong>, se mostr\u00f3 optimista el enganche del Rojo, quien est\u00e1 en duda su presencia en el debut en la copa.<\/p>\n","protected":false},"excerpt":{"rendered":"<p>Un d\u00eda despu\u00e9s de la derrota frente a River, el plantel profesional no tuvo descanso realiz\u00f3 la practica de cara al debut en la Copa Sudamericana frente a Argentinos Juniors. Los titulares frente a River realizaron trabajos regenerativos. Mientras el resto se mov\u00eda bajo las ordenes de Garnero. En la pr\u00e1ctica de hoy, apareci\u00f3 el [&hellip;]<\/p>\n","protected":false},"author":1,"featured_media":0,"comment_status":"open","ping_status":"open","sticky":false,"template":"","format":"standard","meta":{"_links_to":"","_links_to_target":""},"categories":[3,1],"tags":[26,53,38,172],"_links":{"self":[{"href":"https:\/\/www.locoxelrojo.com\/independiente\/wp-json\/wp\/v2\/posts\/365"}],"collection":[{"href":"https:\/\/www.locoxelrojo.com\/independiente\/wp-json\/wp\/v2\/posts"}],"about":[{"href":"https:\/\/www.locoxelrojo.com\/independiente\/wp-json\/wp\/v2\/types\/post"}],"author":[{"embeddable":true,"href":"https:\/\/www.locoxelrojo.com\/independiente\/wp-json\/wp\/v2\/users\/1"}],"replies":[{"embeddable":true,"href":"https:\/\/www.locoxelrojo.com\/independiente\/wp-json\/wp\/v2\/comments?post=365"}],"version-history":[{"count":0,"href":"https:\/\/www.locoxelrojo.com\/independiente\/wp-json\/wp\/v2\/posts\/365\/revisions"}],"wp:attachment":[{"href":"https:\/\/www.locoxelrojo.com\/independiente\/wp-json\/wp\/v2\/media?parent=365"}],"wp:term":[{"taxonomy":"category","embeddable":true,"href":"https:\/\/www.locoxelrojo.com\/independiente\/wp-json\/wp\/v2\/categories?post=365"},{"taxonomy":"post_tag","embeddable":true,"href":"https:\/\/www.locoxelrojo.com\/independiente\/wp-json\/wp\/v2\/tags?post=365"}],"curies":[{"name":"wp","href":"https:\/\/api.w.org\/{rel}","templated":true}]}}