{"id":3655,"date":"2010-12-27T02:08:39","date_gmt":"2010-12-27T04:08:39","guid":{"rendered":"http:\/\/www.locoxelrojo.com.ar\/independiente\/?p=3655"},"modified":"2010-12-27T17:54:19","modified_gmt":"2010-12-27T19:54:19","slug":"el-presidente-de-torino-quiere-a-pellerano","status":"publish","type":"post","link":"https:\/\/www.locoxelrojo.com\/independiente\/2010\/12\/27\/el-presidente-de-torino-quiere-a-pellerano\/","title":{"rendered":"El presidente de Torino quiere a Pellerano"},"content":{"rendered":"<p><a href=\"http:\/\/www.locoxelrojo.com.ar\/independiente\/wp-content\/uploads\/2010\/12\/pellerano.jpg\"><img loading=\"lazy\" class=\"alignnone size-full wp-image-3656\" title=\"pellerano\" src=\"http:\/\/www.locoxelrojo.com.ar\/independiente\/wp-content\/uploads\/2010\/12\/pellerano.jpg\" alt=\"\" width=\"550\" height=\"315\" srcset=\"https:\/\/locoxelrojo.com\/independiente\/wp-content\/uploads\/2010\/12\/pellerano.jpg 550w, https:\/\/locoxelrojo.com\/independiente\/wp-content\/uploads\/2010\/12\/pellerano-300x171.jpg 300w\" sizes=\"(max-width: 550px) 100vw, 550px\" \/><\/a><\/p>\n<p>El siguiente fragmento corresponde a una entrevista que Gianluca Petrachi,director deportivo del Torino -marcha 5to en la Serie B italiana-, le ha concedido al portal TuttoSport.it.<\/p>\n<p><strong>Tutto Sport: -Usted quiere llevar un argen\u00adtino al toro. \u00bfQu\u00e9 nos dice de Pellerano?<\/strong><\/p>\n<p>Gianluca Petrachi: -El mercado empieza el 3 de enero, \u00bfpor qu\u00e9 no hablamos de los chicos  que han terminado tan bien el a\u00f1o 2010?<\/p>\n<p><strong>Tutto Sport: -Porque ya los hemos elo\u00adgiado, aunque en la clasificaci\u00f3n el Toro esta  quinto. Por lo tanto, es importante hablar tambi\u00e9n de los refuerzos. <\/strong><\/p>\n<p>Gianluca Petrachi: &#8211; \u00bfPellerano? \u00bfQu\u00e9 quieren que les diga?<\/p>\n<p><strong>Tutto Sport: -La verdad, s\u00f3lo la verdad.<\/strong><\/p>\n<p>Gianluca Patrachi: -Es un jugador que conozco, que estamos siguiendo. Pero no solo a \u00e9l.  Yo habr\u00eda preferido que no se publicara su nombre porque el mercado se hace  en privado no sobre los peri\u00f3dicos. A partir de ah\u00ed, yo tengo una  coherencia, digo siempre la verdad y por tanto no niego que lo estamos  siguiendo.<\/p>\n<p><strong>Tutto Sport: &#8211; No significa ni m\u00e1s ni menos que lo van a adquirir, es obvio.<\/strong><\/p>\n<p>Gianluca Petrachi: -El mercado es as\u00ed, hay que estar siempre listos y tener multiplicidad de alternativas.<\/p>\n","protected":false},"excerpt":{"rendered":"<p>El siguiente fragmento corresponde a una entrevista que Gianluca Petrachi,director deportivo del Torino -marcha 5to en la Serie B italiana-, le ha concedido al portal TuttoSport.it. Tutto Sport: -Usted quiere llevar un argen\u00adtino al toro. \u00bfQu\u00e9 nos dice de Pellerano? Gianluca Petrachi: -El mercado empieza el 3 de enero, \u00bfpor qu\u00e9 no hablamos de los [&hellip;]<\/p>\n","protected":false},"author":1,"featured_media":0,"comment_status":"open","ping_status":"open","sticky":false,"template":"","format":"standard","meta":{"_links_to":"","_links_to_target":""},"categories":[3,1],"tags":[153,163,422,421],"_links":{"self":[{"href":"https:\/\/www.locoxelrojo.com\/independiente\/wp-json\/wp\/v2\/posts\/3655"}],"collection":[{"href":"https:\/\/www.locoxelrojo.com\/independiente\/wp-json\/wp\/v2\/posts"}],"about":[{"href":"https:\/\/www.locoxelrojo.com\/independiente\/wp-json\/wp\/v2\/types\/post"}],"author":[{"embeddable":true,"href":"https:\/\/www.locoxelrojo.com\/independiente\/wp-json\/wp\/v2\/users\/1"}],"replies":[{"embeddable":true,"href":"https:\/\/www.locoxelrojo.com\/independiente\/wp-json\/wp\/v2\/comments?post=3655"}],"version-history":[{"count":0,"href":"https:\/\/www.locoxelrojo.com\/independiente\/wp-json\/wp\/v2\/posts\/3655\/revisions"}],"wp:attachment":[{"href":"https:\/\/www.locoxelrojo.com\/independiente\/wp-json\/wp\/v2\/media?parent=3655"}],"wp:term":[{"taxonomy":"category","embeddable":true,"href":"https:\/\/www.locoxelrojo.com\/independiente\/wp-json\/wp\/v2\/categories?post=3655"},{"taxonomy":"post_tag","embeddable":true,"href":"https:\/\/www.locoxelrojo.com\/independiente\/wp-json\/wp\/v2\/tags?post=3655"}],"curies":[{"name":"wp","href":"https:\/\/api.w.org\/{rel}","templated":true}]}}