{"id":36599,"date":"2013-09-20T14:20:22","date_gmt":"2013-09-20T17:20:22","guid":{"rendered":"http:\/\/www.locoxelrojo.com.ar\/independiente\/?p=36599"},"modified":"2015-10-09T22:13:32","modified_gmt":"2015-10-10T01:13:32","slug":"rojos-por-el-mundo-blanco-facturo-para-santiago-morning","status":"publish","type":"post","link":"https:\/\/www.locoxelrojo.com\/independiente\/2013\/09\/20\/rojos-por-el-mundo-blanco-facturo-para-santiago-morning\/","title":{"rendered":"Rojos por el mundo: Blanco factur\u00f3 para Santiago Morning"},"content":{"rendered":"<p><strong>Alexis Blanco, surgido de las Inferiores de Independiente, convirti\u00f3 el segundo tanto en la goleada de su equipo por 3 a 0 ante Deportes Concepci\u00f3n. El conjunto del \u201cPampa\u201d se encuentra segundo en la tabla de posiciones a tres puntos del l\u00edder, San Luis. Por otra parte, Sergio Ag\u00fcero volvi\u00f3 a gritar. Esta vez fue por la primera jornada de la Champions League ante el Viktoria Plzen.<\/strong><\/p>\n<p><strong>Alexis Blanco (Santiago Morning \u2013 Chile):<\/strong> El \u201cPampa\u201d fue titular, marc\u00f3 el segundo gol de su equipo a los 14 minutos del primer tiempo y ya acumula dos en lo que va del torneo.<\/p>\n<p><strong>Sergio Ag\u00fcero (Manchester City \u2013 Inglaterra):<\/strong> Fue titular y complet\u00f3 los 90 minutos en la victoria por 3 a 0 ante el Viktoria Plzen. Asisti\u00f3 a Edin Dzeko en el primero y convirti\u00f3 el tercero.<\/p>\n<p><strong>Jos\u00e9 Moreno (La Equidad \u2013 Colombia):<\/strong> Jug\u00f3 todo el encuentro en la goleada ante Petrolera por 4 a 0. Marc\u00f3 el tercero. Y ayer, ante V\u00e9lez Sarsfield disput\u00f3 los 90 minutos en la derrota por 2 a 1.<\/p>\n<p><strong>Ismael Sosa (Universidad Cat\u00f3lica \u2013 Chile):<\/strong> Jug\u00f3 75 minutos en la victoria por 4 a 0 ante Huachipato. Su equipo lidera la tabla de posiciones.<\/p>\n<p><strong>Patricio Vidal (Uni\u00f3n Espa\u00f1ola \u2013 Chile):<\/strong> Arranc\u00f3 como titular y fue reemplazado a los 12 minutos del complemento en la derrota por 1 a 0 ante Cobreloa.<\/p>\n<p><strong>Juan Fernando Caicedo (Independiente de Santa Fe \u2013 Colombia):<\/strong> Ingres\u00f3 cuando faltaban 11 minutos para el cierre del encuentro. Pero el resultado no vari\u00f3: fue empate sin goles ante Millonarios.<\/p>\n<p><strong>David Abraham (Hoffenheim \u2013 Alemania):<\/strong> El defensor central fue titular y complet\u00f3 los 90 minutos en la victoria de su equipo frente al Borussia M\u00f6nchengladbach.<\/p>\n<p><strong>Lucas Villafa\u00f1ez (Hurac\u00e1n \u2013 Argentina):<\/strong> El delantero ingres\u00f3 para jugar los \u00faltimos 19 minutos del encuentro. El \u201cGlobo\u201d cay\u00f3 por 3 a 1 ante Instituto en Parque Patricios.<\/p>\n<p><strong>Javier B\u00e1ez (Defensa y Justicia \u2013 Argentina):<\/strong> El defensor surgido de las Inferiores fue titular y complet\u00f3 todo el partido en la derrota por 3 a 0 ante Banfield.<\/p>\n<p><strong>Walter Busse (Defensa y Justicia \u2013 Argentina):<\/strong> El salte\u00f1o disput\u00f3 todo el encuentro en la primera ca\u00edda del Halc\u00f3n de Varela en el torneo de la B Nacional.<\/p>\n","protected":false},"excerpt":{"rendered":"<p>Alexis Blanco, surgido de las Inferiores de Independiente, convirti\u00f3 el segundo tanto en la goleada de su equipo por 3 a 0 ante Deportes Concepci\u00f3n. El conjunto del \u201cPampa\u201d se encuentra segundo en la tabla de posiciones a tres puntos del l\u00edder, San Luis. Por otra parte, Sergio Ag\u00fcero volvi\u00f3 a gritar. Esta vez fue [&hellip;]<\/p>\n","protected":false},"author":19,"featured_media":36600,"comment_status":"closed","ping_status":"closed","sticky":false,"template":"","format":"standard","meta":{"_links_to":"","_links_to_target":""},"categories":[2043,1],"tags":[811,2045,171,221,2152,1971,61,98,3277,143,28],"_links":{"self":[{"href":"https:\/\/www.locoxelrojo.com\/independiente\/wp-json\/wp\/v2\/posts\/36599"}],"collection":[{"href":"https:\/\/www.locoxelrojo.com\/independiente\/wp-json\/wp\/v2\/posts"}],"about":[{"href":"https:\/\/www.locoxelrojo.com\/independiente\/wp-json\/wp\/v2\/types\/post"}],"author":[{"embeddable":true,"href":"https:\/\/www.locoxelrojo.com\/independiente\/wp-json\/wp\/v2\/users\/19"}],"replies":[{"embeddable":true,"href":"https:\/\/www.locoxelrojo.com\/independiente\/wp-json\/wp\/v2\/comments?post=36599"}],"version-history":[{"count":0,"href":"https:\/\/www.locoxelrojo.com\/independiente\/wp-json\/wp\/v2\/posts\/36599\/revisions"}],"wp:featuredmedia":[{"embeddable":true,"href":"https:\/\/www.locoxelrojo.com\/independiente\/wp-json\/wp\/v2\/media\/36600"}],"wp:attachment":[{"href":"https:\/\/www.locoxelrojo.com\/independiente\/wp-json\/wp\/v2\/media?parent=36599"}],"wp:term":[{"taxonomy":"category","embeddable":true,"href":"https:\/\/www.locoxelrojo.com\/independiente\/wp-json\/wp\/v2\/categories?post=36599"},{"taxonomy":"post_tag","embeddable":true,"href":"https:\/\/www.locoxelrojo.com\/independiente\/wp-json\/wp\/v2\/tags?post=36599"}],"curies":[{"name":"wp","href":"https:\/\/api.w.org\/{rel}","templated":true}]}}