{"id":3667,"date":"2010-12-27T06:50:03","date_gmt":"2010-12-27T08:50:03","guid":{"rendered":"http:\/\/www.locoxelrojo.com.ar\/independiente\/?p=3667"},"modified":"2010-12-27T06:57:57","modified_gmt":"2010-12-27T08:57:57","slug":"%c2%bfcopa-interamericana-2011","status":"publish","type":"post","link":"https:\/\/www.locoxelrojo.com\/independiente\/2010\/12\/27\/%c2%bfcopa-interamericana-2011\/","title":{"rendered":"\u00bfCopa Interamericana 2011?"},"content":{"rendered":"<p><a href=\"http:\/\/www.locoxelrojo.com.ar\/independiente\/wp-content\/uploads\/2010\/12\/copas.jpg\"><img loading=\"lazy\" class=\"alignnone size-full wp-image-3668\" title=\"copas\" src=\"http:\/\/www.locoxelrojo.com.ar\/independiente\/wp-content\/uploads\/2010\/12\/copas.jpg\" alt=\"\" width=\"550\" height=\"315\" srcset=\"https:\/\/locoxelrojo.com\/independiente\/wp-content\/uploads\/2010\/12\/copas.jpg 550w, https:\/\/locoxelrojo.com\/independiente\/wp-content\/uploads\/2010\/12\/copas-300x171.jpg 300w\" sizes=\"(max-width: 550px) 100vw, 550px\" \/><\/a><\/p>\n<p>Seg\u00fan declaraciones de Julio Comparada a \u201c\u00a1Independiente, El Gran Campe\u00f3n!\u201d,  habr\u00eda un principio de acuerdo para que la Copa Interamericana vuelva a ser una competencia internacional de car\u00e1cter oficial. El propio presidente rojo asegur\u00f3 que Julio Humberto Grondona inici\u00f3 las gestiones para reflotar el m\u00edtico torneo.<\/p>\n<p>En caso de concretarse, la competici\u00f3n la disputar\u00edan los campeones de la Copa Sudamericana y de la Concacaf, en una \u00fanica serie con dos partidos (ida y vuelta). De acuerdo con esa regla, Independiente deber\u00eda enfrentarse al Pachuca de M\u00e9xico en 2011, todav\u00eda sin fecha establecida con precisi\u00f3n.<\/p>\n<p>El desaparecido certamen se disput\u00f3 por \u00faltima vez en 1998, cuando el D.C. United estadounidense dio la sorpresa al superar al Vasco da Gama brasile\u00f1o en la final. Independiente supo conquistar la Copa Interamericana en 1973, 1974 y 1976, siendo el equipo que m\u00e1s veces se qued\u00f3 con este t\u00edtulo.<\/p>\n","protected":false},"excerpt":{"rendered":"<p>Seg\u00fan declaraciones de Julio Comparada a \u201c\u00a1Independiente, El Gran Campe\u00f3n!\u201d, habr\u00eda un principio de acuerdo para que la Copa Interamericana vuelva a ser una competencia internacional de car\u00e1cter oficial. El propio presidente rojo asegur\u00f3 que Julio Humberto Grondona inici\u00f3 las gestiones para reflotar el m\u00edtico torneo. En caso de concretarse, la competici\u00f3n la disputar\u00edan los [&hellip;]<\/p>\n","protected":false},"author":8,"featured_media":0,"comment_status":"open","ping_status":"open","sticky":false,"template":"","format":"standard","meta":{"_links_to":"","_links_to_target":""},"categories":[3,1],"tags":[153,423,424],"_links":{"self":[{"href":"https:\/\/www.locoxelrojo.com\/independiente\/wp-json\/wp\/v2\/posts\/3667"}],"collection":[{"href":"https:\/\/www.locoxelrojo.com\/independiente\/wp-json\/wp\/v2\/posts"}],"about":[{"href":"https:\/\/www.locoxelrojo.com\/independiente\/wp-json\/wp\/v2\/types\/post"}],"author":[{"embeddable":true,"href":"https:\/\/www.locoxelrojo.com\/independiente\/wp-json\/wp\/v2\/users\/8"}],"replies":[{"embeddable":true,"href":"https:\/\/www.locoxelrojo.com\/independiente\/wp-json\/wp\/v2\/comments?post=3667"}],"version-history":[{"count":0,"href":"https:\/\/www.locoxelrojo.com\/independiente\/wp-json\/wp\/v2\/posts\/3667\/revisions"}],"wp:attachment":[{"href":"https:\/\/www.locoxelrojo.com\/independiente\/wp-json\/wp\/v2\/media?parent=3667"}],"wp:term":[{"taxonomy":"category","embeddable":true,"href":"https:\/\/www.locoxelrojo.com\/independiente\/wp-json\/wp\/v2\/categories?post=3667"},{"taxonomy":"post_tag","embeddable":true,"href":"https:\/\/www.locoxelrojo.com\/independiente\/wp-json\/wp\/v2\/tags?post=3667"}],"curies":[{"name":"wp","href":"https:\/\/api.w.org\/{rel}","templated":true}]}}