{"id":36775,"date":"2013-09-24T13:40:12","date_gmt":"2013-09-24T16:40:12","guid":{"rendered":"http:\/\/www.locoxelrojo.com.ar\/independiente\/?p=36775"},"modified":"2014-01-19T18:23:18","modified_gmt":"2014-01-19T21:23:18","slug":"sin-descanso-con-el-animo-arriba","status":"publish","type":"post","link":"https:\/\/www.locoxelrojo.com\/independiente\/2013\/09\/24\/sin-descanso-con-el-animo-arriba\/","title":{"rendered":"Sin descanso, con el \u00e1nimo arriba"},"content":{"rendered":"<p>El plantel de Independiente no tuvo descanso y <strong>volvi\u00f3 a entrenarse en Villa Dom\u00ednico tras la victoria por 2 a 1 ante Sarmiento. Los titulares hicieron trabajos regenerativos de cara al choque del pr\u00f3ximo s\u00e1bado ante Talleres en C\u00f3rdoba.<\/strong><\/p>\n<p>Se viene un duro encuentro de visitante y los jugadores no tuvieron descanso. <strong>Omar De Felippe dispuso de trabajos regerativos para los que jugaron ayer, mientras que el resto realiz\u00f3 f\u00fatbol. Adem\u00e1s, se vivi\u00f3 un clima alegre con el \u00e1nimo de los futbolistas arriba.<\/strong><\/p>\n<p>En cuanto a los lesionados,<strong> Juli\u00e1n Vel\u00e1zquez y Cristian Tula entrenaron de manera diferenciada<\/strong>, pero se acercan de a poco a la recuperaci\u00f3n final para poder estar a disposici\u00f3n del entrenador.<\/p>\n<p>Los jugadores volver\u00e1n a entrenarse ma\u00f1ana por la ma\u00f1ana en Villa Dom\u00ednico y<strong> empezar\u00e1n con los trabajos exigentes para el partido del s\u00e1bado ante Talleres.<\/strong><\/p>\n","protected":false},"excerpt":{"rendered":"<p>El plantel de Independiente no tuvo descanso y volvi\u00f3 a entrenarse en Villa Dom\u00ednico tras la victoria por 2 a 1 ante Sarmiento. Los titulares hicieron trabajos regenerativos de cara al choque del pr\u00f3ximo s\u00e1bado ante Talleres en C\u00f3rdoba. Se viene un duro encuentro de visitante y los jugadores no tuvieron descanso. Omar De Felippe [&hellip;]<\/p>\n","protected":false},"author":11,"featured_media":36776,"comment_status":"closed","ping_status":"closed","sticky":false,"template":"","format":"standard","meta":{"_links_to":"","_links_to_target":""},"categories":[3,1],"tags":[1615,32,2032,1670,529,172],"_links":{"self":[{"href":"https:\/\/www.locoxelrojo.com\/independiente\/wp-json\/wp\/v2\/posts\/36775"}],"collection":[{"href":"https:\/\/www.locoxelrojo.com\/independiente\/wp-json\/wp\/v2\/posts"}],"about":[{"href":"https:\/\/www.locoxelrojo.com\/independiente\/wp-json\/wp\/v2\/types\/post"}],"author":[{"embeddable":true,"href":"https:\/\/www.locoxelrojo.com\/independiente\/wp-json\/wp\/v2\/users\/11"}],"replies":[{"embeddable":true,"href":"https:\/\/www.locoxelrojo.com\/independiente\/wp-json\/wp\/v2\/comments?post=36775"}],"version-history":[{"count":0,"href":"https:\/\/www.locoxelrojo.com\/independiente\/wp-json\/wp\/v2\/posts\/36775\/revisions"}],"wp:featuredmedia":[{"embeddable":true,"href":"https:\/\/www.locoxelrojo.com\/independiente\/wp-json\/wp\/v2\/media\/36776"}],"wp:attachment":[{"href":"https:\/\/www.locoxelrojo.com\/independiente\/wp-json\/wp\/v2\/media?parent=36775"}],"wp:term":[{"taxonomy":"category","embeddable":true,"href":"https:\/\/www.locoxelrojo.com\/independiente\/wp-json\/wp\/v2\/categories?post=36775"},{"taxonomy":"post_tag","embeddable":true,"href":"https:\/\/www.locoxelrojo.com\/independiente\/wp-json\/wp\/v2\/tags?post=36775"}],"curies":[{"name":"wp","href":"https:\/\/api.w.org\/{rel}","templated":true}]}}