{"id":3678,"date":"2010-12-28T22:41:03","date_gmt":"2010-12-29T00:41:03","guid":{"rendered":"http:\/\/www.locoxelrojo.com.ar\/independiente\/?p=3678"},"modified":"2010-12-28T22:43:41","modified_gmt":"2010-12-29T00:43:41","slug":"3678","status":"publish","type":"post","link":"https:\/\/www.locoxelrojo.com\/independiente\/2010\/12\/28\/3678\/","title":{"rendered":"Se baj\u00f3 el propio Denis"},"content":{"rendered":"<p><a href=\"http:\/\/www.locoxelrojo.com.ar\/independiente\/wp-content\/uploads\/2010\/12\/denis1.jpg\"><img loading=\"lazy\" class=\"alignnone size-full wp-image-3679\" title=\"denis\" src=\"http:\/\/www.locoxelrojo.com.ar\/independiente\/wp-content\/uploads\/2010\/12\/denis1.jpg\" alt=\"\" width=\"550\" height=\"315\" srcset=\"https:\/\/locoxelrojo.com\/independiente\/wp-content\/uploads\/2010\/12\/denis1.jpg 550w, https:\/\/locoxelrojo.com\/independiente\/wp-content\/uploads\/2010\/12\/denis1-300x171.jpg 300w\" sizes=\"(max-width: 550px) 100vw, 550px\" \/><\/a><\/p>\n<p>Germ\u00e1n Denis dialog\u00f3 con TyC Sports luego de un partido disputado en lo que el denomin\u00f3 su segunda casa, la cancha de Talleres de Remedios de Escalada que lo vio nacer. El tanque descart\u00f3 la llegada al club teniendo en cuenta de que no depende de \u00e9l y la compra por partpe del Udinese es muy reciente.<\/p>\n<p>En cuanto al balance de lo que fue su a\u00f1o, Denis manifest\u00f3: &#8220;fue en 2010 complicado con la lesi\u00f3n, fui mejorando pero estoy contento por la ciudad nueva. Me adapt\u00e9 r\u00e1pidamente y me estoy poniendo bien en lo f\u00edsico. Vamos a tratar de demostrar lo que no pude hacer en N\u00e1poli con la mayor cantidad de goles posible.&#8221;<\/p>\n<p>Y si bien parec\u00eda con estas declaraciones que Denis solo piensa en Italia. Luego lo ratific\u00f3: &#8220;me comuniqu\u00e9 con Independiente pero nada m\u00e1s, queda a un costado y vamos a ver que pasa. La veo dif\u00edcil porque el Udinese me compr\u00f3 hace 2 meses. No creo en la posibilidad de venir a jugar ac\u00e1 -Argentina-, Le dije a Julio que me encantar\u00eda volver a Independiente pero no depende de mi en estos momentos&#8221;, cerr\u00f3.<\/p>\n<p>Y el asunto parece estar terminado&#8230;<\/p>\n","protected":false},"excerpt":{"rendered":"<p>Germ\u00e1n Denis dialog\u00f3 con TyC Sports luego de un partido disputado en lo que el denomin\u00f3 su segunda casa, la cancha de Talleres de Remedios de Escalada que lo vio nacer. El tanque descart\u00f3 la llegada al club teniendo en cuenta de que no depende de \u00e9l y la compra por partpe del Udinese es [&hellip;]<\/p>\n","protected":false},"author":1,"featured_media":0,"comment_status":"open","ping_status":"open","sticky":false,"template":"","format":"standard","meta":{"_links_to":"","_links_to_target":""},"categories":[3,1],"tags":[153,397,427,418],"_links":{"self":[{"href":"https:\/\/www.locoxelrojo.com\/independiente\/wp-json\/wp\/v2\/posts\/3678"}],"collection":[{"href":"https:\/\/www.locoxelrojo.com\/independiente\/wp-json\/wp\/v2\/posts"}],"about":[{"href":"https:\/\/www.locoxelrojo.com\/independiente\/wp-json\/wp\/v2\/types\/post"}],"author":[{"embeddable":true,"href":"https:\/\/www.locoxelrojo.com\/independiente\/wp-json\/wp\/v2\/users\/1"}],"replies":[{"embeddable":true,"href":"https:\/\/www.locoxelrojo.com\/independiente\/wp-json\/wp\/v2\/comments?post=3678"}],"version-history":[{"count":0,"href":"https:\/\/www.locoxelrojo.com\/independiente\/wp-json\/wp\/v2\/posts\/3678\/revisions"}],"wp:attachment":[{"href":"https:\/\/www.locoxelrojo.com\/independiente\/wp-json\/wp\/v2\/media?parent=3678"}],"wp:term":[{"taxonomy":"category","embeddable":true,"href":"https:\/\/www.locoxelrojo.com\/independiente\/wp-json\/wp\/v2\/categories?post=3678"},{"taxonomy":"post_tag","embeddable":true,"href":"https:\/\/www.locoxelrojo.com\/independiente\/wp-json\/wp\/v2\/tags?post=3678"}],"curies":[{"name":"wp","href":"https:\/\/api.w.org\/{rel}","templated":true}]}}