{"id":37010,"date":"2013-10-01T15:00:11","date_gmt":"2013-10-01T18:00:11","guid":{"rendered":"http:\/\/www.locoxelrojo.com.ar\/independiente\/?p=37010"},"modified":"2015-10-09T22:46:49","modified_gmt":"2015-10-10T01:46:49","slug":"nunez-en-el-sector-izquierdo-no-es-donde-mejor-me-desempeno","status":"publish","type":"post","link":"https:\/\/www.locoxelrojo.com\/independiente\/2013\/10\/01\/nunez-en-el-sector-izquierdo-no-es-donde-mejor-me-desempeno\/","title":{"rendered":"C. N\u00fa\u00f1ez: &#8220;En el sector izquierdo no es donde mejor me desempe\u00f1o&#8221;"},"content":{"rendered":"<p>El s\u00e1bado contra Talleres fue el debut como titular de Christian N\u00fa\u00f1ez en Independiente. <strong>El lateral lleg\u00f3 para ser una alternativa por el sector derecho de la defensa y tuvo su chance por el otro carril.<\/strong> Al t\u00e9rmino de la pr\u00e1ctica, dej\u00f3 sus sensaciones sobre el rendimiento grupal e individual.<\/p>\n<p><strong>&#8220;Hace mucho esperaba la oportunidad, se me dio por el sector opuesto, es algo que no esperaba, pero uno tiene que adaptarse al equipo y hacer el trabajo lo mejor posible&#8221;<\/strong>, dijo en conferencia de prensa.\u00a0<strong>&#8220;Sabemos que no fue el mejor rendimiento grupal. En lo personal creo que hice un trabajo aceptable, teniendo en cuenta el poco recorrido que tuve en este mes y medio de trabajo&#8221;<\/strong>, a\u00f1adi\u00f3.<\/p>\n<p>&#8220;Pich\u00f3n&#8221; confes\u00f3 haber tenido una charla con Omar De Felippe, donde le dio el visto bueno para jugar por la carril izquierdo: <strong>&#8220;Me habl\u00f3 por el puesto. Yo hace dos a\u00f1os hab\u00eda jugado en esa posici\u00f3n en Nacional. En el sector izquierdo no es donde mejor me desempe\u00f1o, mi gran anhelo es tratar de jugar por derecha, es donde mejor me desempe\u00f1o&#8221;<\/strong>.<\/p>\n<p>Luego, se refiri\u00f3 al rendimiento grupal en el encuentro en C\u00f3rdoba: <strong>&#8220;Cuando no se tiene la pelota, la que m\u00e1s sufre es la defensa. El otro d\u00eda, cuando se consigui\u00f3 el resultado, se tendr\u00eda que haber manejado la pelota. Estamos trabajando mucho y duro para llegar a ese punto&#8221;<\/strong>.<\/p>\n<p>&#8220;<strong>Estamos yendo por el buen camino, Independiente est\u00e1 demostrando que no se conforma con estos resultados&#8221;<\/strong>, agreg\u00f3. <strong>&#8220;Lo principal es que no te conviertan goles cuando arranca el partido. Eso te cambia todo el panorama y ten\u00e9s que salir a buscar el partido de lleno. Cuando el resultado se consigue hay que cuidar la pelota, estar m\u00e1s atentos y concentrados&#8221;<\/strong>, agreg\u00f3.<\/p>\n<p>Tambi\u00e9n elogi\u00f3 el trabajo del entrenador: <strong>&#8220;Es un t\u00e9cnico que tiene un gran car\u00e1cter y que se hace sentir. Ac\u00e1 hay un grupo con muchos j\u00f3venes y que est\u00e1n teniendo una experiencia \u00fanica. A medida que se vaya viendo todo el trabajo de De Felippe, vamos a ir yendo por el buen camino&#8221;<\/strong>.<\/p>\n<p>Para finalizar, destac\u00f3 las \u00faltimas actuaciones del &#8220;Rolfi&#8221;.<strong> &#8220;Sabemos lo que significa Montenegro hoy en el equipo. Estamos muy contentos por el momento que est\u00e1 pasando. Es un jugador clave y esperemos que siga as\u00ed&#8221;<\/strong>, cerr\u00f3.<\/p>\n","protected":false},"excerpt":{"rendered":"<p>El s\u00e1bado contra Talleres fue el debut como titular de Christian N\u00fa\u00f1ez en Independiente. El lateral lleg\u00f3 para ser una alternativa por el sector derecho de la defensa y tuvo su chance por el otro carril. Al t\u00e9rmino de la pr\u00e1ctica, dej\u00f3 sus sensaciones sobre el rendimiento grupal e individual. &#8220;Hace mucho esperaba la oportunidad, [&hellip;]<\/p>\n","protected":false},"author":1,"featured_media":37020,"comment_status":"closed","ping_status":"closed","sticky":false,"template":"","format":"standard","meta":{"_links_to":"","_links_to_target":""},"categories":[3,1],"tags":[2270],"_links":{"self":[{"href":"https:\/\/www.locoxelrojo.com\/independiente\/wp-json\/wp\/v2\/posts\/37010"}],"collection":[{"href":"https:\/\/www.locoxelrojo.com\/independiente\/wp-json\/wp\/v2\/posts"}],"about":[{"href":"https:\/\/www.locoxelrojo.com\/independiente\/wp-json\/wp\/v2\/types\/post"}],"author":[{"embeddable":true,"href":"https:\/\/www.locoxelrojo.com\/independiente\/wp-json\/wp\/v2\/users\/1"}],"replies":[{"embeddable":true,"href":"https:\/\/www.locoxelrojo.com\/independiente\/wp-json\/wp\/v2\/comments?post=37010"}],"version-history":[{"count":0,"href":"https:\/\/www.locoxelrojo.com\/independiente\/wp-json\/wp\/v2\/posts\/37010\/revisions"}],"wp:featuredmedia":[{"embeddable":true,"href":"https:\/\/www.locoxelrojo.com\/independiente\/wp-json\/wp\/v2\/media\/37020"}],"wp:attachment":[{"href":"https:\/\/www.locoxelrojo.com\/independiente\/wp-json\/wp\/v2\/media?parent=37010"}],"wp:term":[{"taxonomy":"category","embeddable":true,"href":"https:\/\/www.locoxelrojo.com\/independiente\/wp-json\/wp\/v2\/categories?post=37010"},{"taxonomy":"post_tag","embeddable":true,"href":"https:\/\/www.locoxelrojo.com\/independiente\/wp-json\/wp\/v2\/tags?post=37010"}],"curies":[{"name":"wp","href":"https:\/\/api.w.org\/{rel}","templated":true}]}}